{"id":61555,"date":"2019-02-16T11:21:02","date_gmt":"2019-02-16T14:21:02","guid":{"rendered":"https:\/\/www.cordobatimes.com\/showup\/?p=61555"},"modified":"2019-02-16T11:21:02","modified_gmt":"2019-02-16T14:21:02","slug":"murio-bruno-ganz-el-actor-que-interpreto-a-hitler-en-la-caida","status":"publish","type":"post","link":"https:\/\/www.cordobatimes.com\/showup\/cine-y-series\/2019\/02\/16\/murio-bruno-ganz-el-actor-que-interpreto-a-hitler-en-la-caida\/","title":{"rendered":"Muri\u00f3 Bruno Ganz, el actor que interpret\u00f3 a Hitler en \u00abLa ca\u00edda\u00bb"},"content":{"rendered":"<h3><strong>El deceso se produjo en la ciudad natal del artista, Zurich.<\/strong><\/h3>\n<p>El actor suizo\u00a0Bruno Ganz, quien diera vida a Adolf Hitler en la pel\u00edcula\u00a0La ca\u00edda, falleci\u00f3 a los 77 a\u00f1os de edad este s\u00e1bado, seg\u00fan confirmaron sus representantes a diversos medios alemanes.<\/p>\n<p>Nacido el 22 de marzo de 1941, Ganz aboc\u00f3 su talento interpretativo al cine, la televisi\u00f3n y el teatro durante m\u00e1s de 50 a\u00f1os.<\/p>\n<p>Su rostro salt\u00f3 a la fama mundial cuando interpret\u00f3 magistralmente el papel del f\u00fchrer en la pel\u00edcula\u00a0La ca\u00edda, que cuenta los \u00faltimos d\u00edas de vida de Adolf Hitler en un bunker en Berl\u00edn.<\/p>\n<p><iframe loading=\"lazy\" src=\"https:\/\/www.youtube.com\/embed\/yA1ljn6R4UE\" width=\"560\" height=\"315\" frameborder=\"0\" allowfullscreen=\"allowfullscreen\"><\/iframe><\/p>\n<p>Pero adem\u00e1s Ganz particip\u00f3 en producciones con directores de renombre fuera del circuito de cine alem\u00e1n, como Francis Ford Coppola y Ridley Scott, entre otros.<\/p>\n<p>Ganz ten\u00eda en su poder el Anillo de Iffland, galard\u00f3n que tradicionalmente puede lucir quien haya sido considerado mejor actor en lengua alemana del momento \u2013la tradici\u00f3n dice que tras la muerte, la joya debe heredarse a otro int\u00e9rprete\u2013.<\/p>\n<p>El actor se encontraba batallando contra las complicaciones de un c\u00e1ncer intestinal desde el a\u00f1o pasado, por lo que al momento de su fallecimiento se encontraba en tratamiento m\u00e9dico. Desde hac\u00eda un buen tiempo se encontraba alejado de los escenarios por las sesiones de quimioterapia (su \u00faltimo trabajo fue el de narrador en la \u00f3pera de Mozart La flauta m\u00e1gica, durante el Festival de Salzburgo, en Austria).<\/p>\n<p>Su \u00faltimo trabajo en la gran pantalla fue en la pel\u00edcula de Lars von Trier La casa de Jack, un filme que relataba la historia de un asesino en serie en el que interpret\u00f3 a un personaje que alud\u00eda a la figura de Virgilo en El infierno de Dante.<\/p>\n<p>&nbsp;<\/p>\n<p>&nbsp;<\/p>\n<p>&nbsp;<\/p>\n<p>&nbsp;<\/p>\n<p>&nbsp;<\/p>\n<p>&nbsp;<\/p>\n","protected":false},"excerpt":{"rendered":"<p>El deceso se produjo en la ciudad natal del artista, Zurich. El actor suizo\u00a0Bruno Ganz, quien diera vida a Adolf Hitler en la pel\u00edcula\u00a0La ca\u00edda, falleci\u00f3 a los 77 a\u00f1os de edad este s\u00e1bado, seg\u00fan confirmaron sus representantes a diversos medios alemanes. Nacido el 22 de marzo de 1941, Ganz aboc\u00f3 su talento interpretativo al [&hellip;]<\/p>\n","protected":false},"author":1,"featured_media":61556,"comment_status":"closed","ping_status":"closed","sticky":false,"template":"","format":"standard","meta":{"_seopress_robots_primary_cat":"","_seopress_titles_title":"","_seopress_titles_desc":"","_seopress_robots_index":"","footnotes":""},"categories":[3,12967],"tags":[22989,5157,22986,22988,22987,22990],"class_list":{"0":"post-61555","1":"post","2":"type-post","3":"status-publish","4":"format-standard","5":"has-post-thumbnail","7":"category-cine-y-series","8":"category-destacada","9":"tag-la-caida","10":"tag-adolf-hitler","11":"tag-bruno-ganz","12":"tag-hitler","13":"tag-hitler-en-la-caida","14":"tag-la-pelicula-la-caida"},"_links":{"self":[{"href":"https:\/\/www.cordobatimes.com\/showup\/wp-json\/wp\/v2\/posts\/61555","targetHints":{"allow":["GET"]}}],"collection":[{"href":"https:\/\/www.cordobatimes.com\/showup\/wp-json\/wp\/v2\/posts"}],"about":[{"href":"https:\/\/www.cordobatimes.com\/showup\/wp-json\/wp\/v2\/types\/post"}],"author":[{"embeddable":true,"href":"https:\/\/www.cordobatimes.com\/showup\/wp-json\/wp\/v2\/users\/1"}],"replies":[{"embeddable":true,"href":"https:\/\/www.cordobatimes.com\/showup\/wp-json\/wp\/v2\/comments?post=61555"}],"version-history":[{"count":0,"href":"https:\/\/www.cordobatimes.com\/showup\/wp-json\/wp\/v2\/posts\/61555\/revisions"}],"wp:featuredmedia":[{"embeddable":true,"href":"https:\/\/www.cordobatimes.com\/showup\/wp-json\/wp\/v2\/media\/61556"}],"wp:attachment":[{"href":"https:\/\/www.cordobatimes.com\/showup\/wp-json\/wp\/v2\/media?parent=61555"}],"wp:term":[{"taxonomy":"category","embeddable":true,"href":"https:\/\/www.cordobatimes.com\/showup\/wp-json\/wp\/v2\/categories?post=61555"},{"taxonomy":"post_tag","embeddable":true,"href":"https:\/\/www.cordobatimes.com\/showup\/wp-json\/wp\/v2\/tags?post=61555"}],"curies":[{"name":"wp","href":"https:\/\/api.w.org\/{rel}","templated":true}]}}