{"id":61542,"date":"2019-02-16T09:02:54","date_gmt":"2019-02-16T12:02:54","guid":{"rendered":"https:\/\/www.cordobatimes.com\/showup\/?p=61542"},"modified":"2019-02-16T09:02:54","modified_gmt":"2019-02-16T12:02:54","slug":"mi-obra-maestra-tendra-una-version-francesa","status":"publish","type":"post","link":"https:\/\/www.cordobatimes.com\/showup\/cine-y-series\/2019\/02\/16\/mi-obra-maestra-tendra-una-version-francesa\/","title":{"rendered":"\u00abMi obra maestra\u00bb tendr\u00e1 una versi\u00f3n francesa"},"content":{"rendered":"<h3><strong>El filme dirigido por Gast\u00f3n Duprat con protag\u00f3nicos de Luis Brandoni y Guillermo Francella, tendr\u00e1 una remake francesa. La versi\u00f3n local ya se puede ver en Netflix.\u00a0<\/strong><\/h3>\n<p>&nbsp;<\/p>\n<p>La pel\u00edcula Mi obra maestra, dirigida por Gast\u00f3n Duprat con protag\u00f3nicos de Luis Brandoni y Guillermo Francella, tendr\u00e1 una remake francesa, se inform\u00f3 hoy en un comunicado.<\/p>\n<p>La compa\u00f1\u00eda Kinovista de Francia compr\u00f3 los derechos para reversionar la cinta que estren\u00f3 en Argentina el a\u00f1o pasado con buenas cr\u00edticas y que tuvo su paso por el Festival Internacional de Cine de Venecia.<\/p>\n<p>Si bien a\u00fan no se definieron a los int\u00e9rpretes franceses que tomar\u00e1n los papeles que hicieron Francella y Brandoni, ya se confirm\u00f3 que la pel\u00edcula estrenar\u00e1 en 2020 y que llevar\u00e1 por t\u00edtulo Un Coup de Ma\u00eetre (\u00abUn golpe maestro\u00bb).<\/p>\n<p>Adem\u00e1s, otras propuestas de remake provenientes de Estados Unidos y de Inglaterra son analizadas por las productoras que llevaron a cabo la pel\u00edcula, Mediapro, Arco Libre y Televisi\u00f3n Abierta.<\/p>\n<p><iframe loading=\"lazy\" src=\"https:\/\/www.youtube.com\/embed\/TKaYCB2yKJc\" width=\"560\" height=\"315\" frameborder=\"0\" allowfullscreen=\"allowfullscreen\"><\/iframe><\/p>\n","protected":false},"excerpt":{"rendered":"<p>El filme dirigido por Gast\u00f3n Duprat con protag\u00f3nicos de Luis Brandoni y Guillermo Francella, tendr\u00e1 una remake francesa. La versi\u00f3n local ya se puede ver en Netflix.\u00a0 &nbsp; La pel\u00edcula Mi obra maestra, dirigida por Gast\u00f3n Duprat con protag\u00f3nicos de Luis Brandoni y Guillermo Francella, tendr\u00e1 una remake francesa, se inform\u00f3 hoy en un comunicado. [&hellip;]<\/p>\n","protected":false},"author":1,"featured_media":61543,"comment_status":"closed","ping_status":"closed","sticky":false,"template":"","format":"standard","meta":{"_seopress_robots_primary_cat":"","_seopress_titles_title":"","_seopress_titles_desc":"","_seopress_robots_index":"","footnotes":""},"categories":[3,12967],"tags":[1222,6577,22980,20447,22981],"class_list":{"0":"post-61542","1":"post","2":"type-post","3":"status-publish","4":"format-standard","5":"has-post-thumbnail","7":"category-cine-y-series","8":"category-destacada","9":"tag-guillermo-francella","10":"tag-luis-brandoni","11":"tag-luis-brandoni-y-guillermo-francella","12":"tag-mi-obra-maestra","13":"tag-remake-francesa"},"_links":{"self":[{"href":"https:\/\/www.cordobatimes.com\/showup\/wp-json\/wp\/v2\/posts\/61542","targetHints":{"allow":["GET"]}}],"collection":[{"href":"https:\/\/www.cordobatimes.com\/showup\/wp-json\/wp\/v2\/posts"}],"about":[{"href":"https:\/\/www.cordobatimes.com\/showup\/wp-json\/wp\/v2\/types\/post"}],"author":[{"embeddable":true,"href":"https:\/\/www.cordobatimes.com\/showup\/wp-json\/wp\/v2\/users\/1"}],"replies":[{"embeddable":true,"href":"https:\/\/www.cordobatimes.com\/showup\/wp-json\/wp\/v2\/comments?post=61542"}],"version-history":[{"count":0,"href":"https:\/\/www.cordobatimes.com\/showup\/wp-json\/wp\/v2\/posts\/61542\/revisions"}],"wp:featuredmedia":[{"embeddable":true,"href":"https:\/\/www.cordobatimes.com\/showup\/wp-json\/wp\/v2\/media\/61543"}],"wp:attachment":[{"href":"https:\/\/www.cordobatimes.com\/showup\/wp-json\/wp\/v2\/media?parent=61542"}],"wp:term":[{"taxonomy":"category","embeddable":true,"href":"https:\/\/www.cordobatimes.com\/showup\/wp-json\/wp\/v2\/categories?post=61542"},{"taxonomy":"post_tag","embeddable":true,"href":"https:\/\/www.cordobatimes.com\/showup\/wp-json\/wp\/v2\/tags?post=61542"}],"curies":[{"name":"wp","href":"https:\/\/api.w.org\/{rel}","templated":true}]}}