{"id":61531,"date":"2019-02-15T20:17:11","date_gmt":"2019-02-15T23:17:11","guid":{"rendered":"https:\/\/www.cordobatimes.com\/showup\/?p=61531"},"modified":"2019-02-15T20:17:11","modified_gmt":"2019-02-15T23:17:11","slug":"netflix-estrenara-la-pelicula-de-breaking-bad","status":"publish","type":"post","link":"https:\/\/www.cordobatimes.com\/showup\/cine-y-series\/2019\/02\/15\/netflix-estrenara-la-pelicula-de-breaking-bad\/","title":{"rendered":"Netflix estrenar\u00e1 la pel\u00edcula de \u00abBreaking Bad\u00bb"},"content":{"rendered":"<h3 class=\"article-body-paragraph air-3 espectaculos\"><strong>Breaking Bad, una de la series m\u00e1s vistas de los \u00faltimos tiempos, tendr\u00e1 su pel\u00edcula y ser\u00e1 emitida por Netflix.<\/strong><\/h3>\n<p class=\"article-body-paragraph air-3 espectaculos\">Los rumores del filme comenzaron a gestarse en 2018 y ahora resurgieron con fuerza a partir de informaci\u00f3n publicada en los medios estadounidenses\u00a0<em>Deadline<\/em>\u00a0y\u00a0<em>The Hollywood Reporter<\/em>.<\/p>\n<p class=\"article-body-paragraph air-3 espectaculos\">Seg\u00fan afirmaron, ser\u00e1 una secuela en torno al personaje de Jesse Pinkman, encarnado por Aaron Paul, y lo que pas\u00f3 luego de escapar en el cap\u00edtulo final de la \u00faltima temporada.<\/p>\n<p class=\"article-body-paragraph air-3 espectaculos\">Adem\u00e1s, su transmisi\u00f3n y estreno mundial ser\u00e1 por Netflix y luego en los Estados Unidos, en AMC. Tal como la serie, estar\u00e1 a cargo del director y guionista Vince Gilligan.<\/p>\n<p class=\"article-body-paragraph air-3 espectaculos\">La pel\u00edcula ser\u00e1 rodada en Albuquerque, Nuevo M\u00e9xico, lugar donde transcurren los hechos de la exitosa serie, y reunir\u00e1 a varios gigantes de la industria del cine.<\/p>\n<p class=\"article-body-paragraph air-3 espectaculos\">De acuerdo a\u00a0<em>The Hollywood Reporter<\/em>, Bryan Cranston (Walter White) tambi\u00e9n participar\u00e1 de la pel\u00edcula aunque todav\u00eda no se sabe el papel que jugar\u00e1 en la trama.<\/p>\n<p class=\"article-body-paragraph air-3 espectaculos\">Cranston, por su parte, ya hab\u00eda confirmado que el proyecto estaba en marcha pero dej\u00f3 dudas sobre si \u00e9l iba a formar parte. La historia del t\u00edmido profesor de qu\u00edmica devenido en bar\u00f3n de las metanfetaminas bati\u00f3 r\u00e9cords de audiencia en 2013 cuando era transmitida en AMC.<\/p>\n<p class=\"article-body-paragraph air-3 espectaculos\">Su \u00e9xito consagrado lleg\u00f3 con su posterior emisi\u00f3n en Netflix. De hecho, ya tuvo un spin-off en Netflix con \u00abBetter Call Saul\u00bb en 2015, la historia centrada en Saul Goodman (Bob Odenkirk), seis a\u00f1os antes de convertirse en el abogado de Walter White (Bryan Cranston).<\/p>\n","protected":false},"excerpt":{"rendered":"<p>Breaking Bad, una de la series m\u00e1s vistas de los \u00faltimos tiempos, tendr\u00e1 su pel\u00edcula y ser\u00e1 emitida por Netflix. Los rumores del filme comenzaron a gestarse en 2018 y ahora resurgieron con fuerza a partir de informaci\u00f3n publicada en los medios estadounidenses\u00a0Deadline\u00a0y\u00a0The Hollywood Reporter. Seg\u00fan afirmaron, ser\u00e1 una secuela en torno al personaje de [&hellip;]<\/p>\n","protected":false},"author":1,"featured_media":61534,"comment_status":"closed","ping_status":"closed","sticky":false,"template":"","format":"standard","meta":{"_seopress_robots_primary_cat":"","_seopress_titles_title":"","_seopress_titles_desc":"","_seopress_robots_index":"","footnotes":""},"categories":[3],"tags":[716,958,3882],"class_list":{"0":"post-61531","1":"post","2":"type-post","3":"status-publish","4":"format-standard","5":"has-post-thumbnail","7":"category-cine-y-series","8":"tag-breaking-bad","9":"tag-estreno","10":"tag-netflix"},"_links":{"self":[{"href":"https:\/\/www.cordobatimes.com\/showup\/wp-json\/wp\/v2\/posts\/61531","targetHints":{"allow":["GET"]}}],"collection":[{"href":"https:\/\/www.cordobatimes.com\/showup\/wp-json\/wp\/v2\/posts"}],"about":[{"href":"https:\/\/www.cordobatimes.com\/showup\/wp-json\/wp\/v2\/types\/post"}],"author":[{"embeddable":true,"href":"https:\/\/www.cordobatimes.com\/showup\/wp-json\/wp\/v2\/users\/1"}],"replies":[{"embeddable":true,"href":"https:\/\/www.cordobatimes.com\/showup\/wp-json\/wp\/v2\/comments?post=61531"}],"version-history":[{"count":0,"href":"https:\/\/www.cordobatimes.com\/showup\/wp-json\/wp\/v2\/posts\/61531\/revisions"}],"wp:featuredmedia":[{"embeddable":true,"href":"https:\/\/www.cordobatimes.com\/showup\/wp-json\/wp\/v2\/media\/61534"}],"wp:attachment":[{"href":"https:\/\/www.cordobatimes.com\/showup\/wp-json\/wp\/v2\/media?parent=61531"}],"wp:term":[{"taxonomy":"category","embeddable":true,"href":"https:\/\/www.cordobatimes.com\/showup\/wp-json\/wp\/v2\/categories?post=61531"},{"taxonomy":"post_tag","embeddable":true,"href":"https:\/\/www.cordobatimes.com\/showup\/wp-json\/wp\/v2\/tags?post=61531"}],"curies":[{"name":"wp","href":"https:\/\/api.w.org\/{rel}","templated":true}]}}