{"id":61528,"date":"2019-02-15T21:05:42","date_gmt":"2019-02-16T00:05:42","guid":{"rendered":"https:\/\/www.cordobatimes.com\/showup\/?p=61528"},"modified":"2019-03-27T01:40:09","modified_gmt":"2019-03-27T04:40:09","slug":"las-ultimas-tendencias-del-new-york-fashion-week","status":"publish","type":"post","link":"https:\/\/www.cordobatimes.com\/showup\/moda-y-estilos\/2019\/02\/15\/las-ultimas-tendencias-del-new-york-fashion-week\/","title":{"rendered":"Las \u00faltimas tendencias del New York Fashion Week"},"content":{"rendered":"<h3><strong>Carolina Herrera, Tory Burch, Jeremy Scott, Tom Ford y Zimmermann presentaron sus colecciones invierno 2019-2020 en la Gran Manzana. Cada uno, con su impronta diferente, mostr\u00f3 lo mejor de la moda internacional.<\/strong><\/h3>\n<p>Contin\u00faa la semana de la moda en la ciudad de Nueva York y las tendencias que deja la primera parada -la pr\u00f3xima ser\u00e1 Londres, contin\u00faa por Mil\u00e1n y finaliza en Par\u00eds- no cesan de sorprender. Dise\u00f1adores de renombre y emergentes presentaron sus colecciones de invierno 2019.<\/p>\n<p><strong>CAROLINA HERRERA<\/strong><\/p>\n<p>La firma a cargo de Wes Gordon present\u00f3 la colecci\u00f3n oto\u00f1o 2019-invierno 2020 que tuvo como escenario a la New York Historical Society, en una sala llena de cuadros con un enorme espejo.<\/p>\n<p><img alt=\"\" loading=\"lazy\" decoding=\"async\" class=\"size-full wp-image-61532 alignleft\" src=\"https:\/\/www.cordobatimes.com\/showup\/wp-content\/uploads\/2019\/02\/Nombre000.jpg\" alt=\"\" width=\"685\" height=\"468\" srcset=\"https:\/\/www.cordobatimes.com\/showup\/wp-content\/uploads\/2019\/02\/Nombre000.jpg 685w, https:\/\/www.cordobatimes.com\/showup\/wp-content\/uploads\/2019\/02\/Nombre000-615x420.jpg 615w, https:\/\/www.cordobatimes.com\/showup\/wp-content\/uploads\/2019\/02\/Nombre000-218x150.jpg 218w\" sizes=\"auto, (max-width: 685px) 100vw, 685px\" \/><\/p>\n<p>Present\u00f3 una colecci\u00f3n nutrida con diversas tipolog\u00edas, modelos y dise\u00f1os de siluetas femeninas con estampados florales y polka dots en colores que abarcaron toda la paleta crom\u00e1tica, desde el blanco y negro hasta los estridentes como el amarillo y el naranja.<\/p>\n<p><img alt=\"\" loading=\"lazy\" decoding=\"async\" class=\"size-full wp-image-61533 alignleft\" src=\"https:\/\/www.cordobatimes.com\/showup\/wp-content\/uploads\/2019\/02\/514.jpg\" alt=\"\" width=\"681\" height=\"404\" \/><\/p>\n<p><strong>TORY BURCH<\/strong><\/p>\n<p>Los tejidos fueron los grandes protagonistas del desfile de Tory Burch de NYFW. Maxi sweaters con cuello polera, cisne y estilo oversized se dejaron ver en la pasarela. Para el invierno vale todo tipo de abrigo y colores.<\/p>\n<p><img alt=\"\" loading=\"lazy\" decoding=\"async\" class=\"size-full wp-image-61536 alignleft\" src=\"https:\/\/www.cordobatimes.com\/showup\/wp-content\/uploads\/2019\/02\/564.jpg\" alt=\"\" width=\"748\" height=\"570\" srcset=\"https:\/\/www.cordobatimes.com\/showup\/wp-content\/uploads\/2019\/02\/564.jpg 748w, https:\/\/www.cordobatimes.com\/showup\/wp-content\/uploads\/2019\/02\/564-551x420.jpg 551w, https:\/\/www.cordobatimes.com\/showup\/wp-content\/uploads\/2019\/02\/564-80x60.jpg 80w, https:\/\/www.cordobatimes.com\/showup\/wp-content\/uploads\/2019\/02\/564-696x530.jpg 696w\" sizes=\"auto, (max-width: 748px) 100vw, 748px\" \/><\/p>\n<p>Una l\u00ednea completa con zapatos, marroquiner\u00eda y accesorios para el cabello, rostro y manos tampoco faltaron en el desfile.<\/p>\n<p><img alt=\"\" loading=\"lazy\" decoding=\"async\" class=\"size-full wp-image-61537 alignleft\" src=\"https:\/\/www.cordobatimes.com\/showup\/wp-content\/uploads\/2019\/02\/0300.jpg\" alt=\"\" width=\"670\" height=\"450\" srcset=\"https:\/\/www.cordobatimes.com\/showup\/wp-content\/uploads\/2019\/02\/0300.jpg 670w, https:\/\/www.cordobatimes.com\/showup\/wp-content\/uploads\/2019\/02\/0300-625x420.jpg 625w\" sizes=\"auto, (max-width: 670px) 100vw, 670px\" \/><\/p>\n<p><strong>ZIMMERMANN<\/strong><\/p>\n<p>En una nueva colecci\u00f3n donde los dise\u00f1os rom\u00e1nticos predominaron, la dise\u00f1adora se inspir\u00f3 en Nancy Wake, tambi\u00e9n llamada \u00abRat\u00f3n blanco\u00bb, una famosa esp\u00eda brit\u00e1nica durante el final de la Segunda Guerra Mundial.<\/p>\n<p><img alt=\"\" loading=\"lazy\" decoding=\"async\" class=\"size-full wp-image-61538 alignleft\" src=\"https:\/\/www.cordobatimes.com\/showup\/wp-content\/uploads\/2019\/02\/1-1.jpg\" alt=\"\" width=\"675\" height=\"461\" srcset=\"https:\/\/www.cordobatimes.com\/showup\/wp-content\/uploads\/2019\/02\/1-1.jpg 675w, https:\/\/www.cordobatimes.com\/showup\/wp-content\/uploads\/2019\/02\/1-1-615x420.jpg 615w, https:\/\/www.cordobatimes.com\/showup\/wp-content\/uploads\/2019\/02\/1-1-218x150.jpg 218w\" sizes=\"auto, (max-width: 675px) 100vw, 675px\" \/><\/p>\n<p>Fue una colecci\u00f3n nutrida con vestidos de diversos largos: a la rodilla y midi fueron los favoritos; las telas como sedas, gabardinas, gasas, tules, encajes y plisados; monoprendas, pantalones y las faldas midi. Los accesorios estrella fueron las boinas, los cinturones, las fajas, los mo\u00f1os y jabots en las camisas.<\/p>\n<p><strong>JEREMY SCOTT<\/strong><\/p>\n<p>El dise\u00f1ador, que tambi\u00e9n es el director creativo de Moschino, para la colecci\u00f3n oto\u00f1o-invierno 2019 volvi\u00f3 a sorprender con una l\u00ednea donde las prendas llevaban estampados mensajes y titulares de los m\u00e1s populares medios de noticias de todo el mundo.<\/p>\n<p><img alt=\"\" loading=\"lazy\" decoding=\"async\" class=\"size-full wp-image-61539 alignleft\" src=\"https:\/\/www.cordobatimes.com\/showup\/wp-content\/uploads\/2019\/02\/321312.jpg\" alt=\"\" width=\"378\" height=\"567\" srcset=\"https:\/\/www.cordobatimes.com\/showup\/wp-content\/uploads\/2019\/02\/321312.jpg 378w, https:\/\/www.cordobatimes.com\/showup\/wp-content\/uploads\/2019\/02\/321312-280x420.jpg 280w\" sizes=\"auto, (max-width: 378px) 100vw, 378px\" \/><\/p>\n<p>&nbsp;<\/p>\n<p>&nbsp;<\/p>\n<p>&nbsp;<\/p>\n<p>&nbsp;<\/p>\n<p>&nbsp;<\/p>\n<p>&nbsp;<\/p>\n<p>&nbsp;<\/p>\n<p>&nbsp;<\/p>\n<p>&nbsp;<\/p>\n<p>&nbsp;<\/p>\n<p>&nbsp;<\/p>\n<p>&nbsp;<\/p>\n<p>Con conjuntos de dos piezas, confeccionadas en denim, acharoladas, de cuero, con tul y hasta impermeables, la colecci\u00f3n de Scott dej\u00f3 impactados a todos los presentes y a la prensa internacional.<\/p>\n<p>\u00bfLos accesorios del desfile? Borcegos y botas cowboy en blanco y negro de calzado; boinas para ellos y mo\u00f1os en la cabeza con pelucas para ellas.<\/p>\n<p><iframe loading=\"lazy\" src=\"https:\/\/www.youtube.com\/embed\/T8a1CCyqYDE\" width=\"560\" height=\"315\" frameborder=\"0\" allowfullscreen=\"allowfullscreen\"><\/iframe><\/p>\n<p><iframe loading=\"lazy\" src=\"https:\/\/www.youtube.com\/embed\/q9ylRKbA_LI\" width=\"560\" height=\"315\" frameborder=\"0\" allowfullscreen=\"allowfullscreen\"><\/iframe><\/p>\n<p><iframe loading=\"lazy\" src=\"https:\/\/www.youtube.com\/embed\/IPzH1arUpqI\" width=\"560\" height=\"315\" frameborder=\"0\" allowfullscreen=\"allowfullscreen\"><\/iframe><\/p>\n<p><iframe loading=\"lazy\" src=\"https:\/\/www.youtube.com\/embed\/O3XffwPkdVw\" width=\"560\" height=\"315\" frameborder=\"0\" allowfullscreen=\"allowfullscreen\"><\/iframe><\/p>\n<p><iframe loading=\"lazy\" src=\"https:\/\/www.youtube.com\/embed\/dt79lDup3UU\" width=\"560\" height=\"315\" frameborder=\"0\" allowfullscreen=\"allowfullscreen\"><\/iframe><\/p>\n","protected":false},"excerpt":{"rendered":"<p>Carolina Herrera, Tory Burch, Jeremy Scott, Tom Ford y Zimmermann presentaron sus colecciones invierno 2019-2020 en la Gran Manzana. Cada uno, con su impronta diferente, mostr\u00f3 lo mejor de la moda internacional. Contin\u00faa la semana de la moda en la ciudad de Nueva York y las tendencias que deja la primera parada -la pr\u00f3xima ser\u00e1 [&hellip;]<\/p>\n","protected":false},"author":1,"featured_media":61530,"comment_status":"closed","ping_status":"closed","sticky":false,"template":"","format":"standard","meta":{"_seopress_robots_primary_cat":"","_seopress_titles_title":"","_seopress_titles_desc":"","_seopress_robots_index":"","footnotes":""},"categories":[228],"tags":[4400,22979,22977,22976,22973,3775,22978,13888,22971,22974,22972,22975],"class_list":{"0":"post-61528","1":"post","2":"type-post","3":"status-publish","4":"format-standard","5":"has-post-thumbnail","7":"category-moda-y-estilos","8":"tag-carolina-herrera","9":"tag-conjuntos-de-dos-piezas","10":"tag-estampados-florales","11":"tag-estampados-florales-y-polka-dots","12":"tag-jeremy-scott","13":"tag-new-york-fashion-week","14":"tag-polka-dots","15":"tag-tejidos","16":"tag-tendencias-del-new-york-fashion-week","17":"tag-tom-ford","18":"tag-tory-burch","19":"tag-zimmermann"},"_links":{"self":[{"href":"https:\/\/www.cordobatimes.com\/showup\/wp-json\/wp\/v2\/posts\/61528","targetHints":{"allow":["GET"]}}],"collection":[{"href":"https:\/\/www.cordobatimes.com\/showup\/wp-json\/wp\/v2\/posts"}],"about":[{"href":"https:\/\/www.cordobatimes.com\/showup\/wp-json\/wp\/v2\/types\/post"}],"author":[{"embeddable":true,"href":"https:\/\/www.cordobatimes.com\/showup\/wp-json\/wp\/v2\/users\/1"}],"replies":[{"embeddable":true,"href":"https:\/\/www.cordobatimes.com\/showup\/wp-json\/wp\/v2\/comments?post=61528"}],"version-history":[{"count":0,"href":"https:\/\/www.cordobatimes.com\/showup\/wp-json\/wp\/v2\/posts\/61528\/revisions"}],"wp:featuredmedia":[{"embeddable":true,"href":"https:\/\/www.cordobatimes.com\/showup\/wp-json\/wp\/v2\/media\/61530"}],"wp:attachment":[{"href":"https:\/\/www.cordobatimes.com\/showup\/wp-json\/wp\/v2\/media?parent=61528"}],"wp:term":[{"taxonomy":"category","embeddable":true,"href":"https:\/\/www.cordobatimes.com\/showup\/wp-json\/wp\/v2\/categories?post=61528"},{"taxonomy":"post_tag","embeddable":true,"href":"https:\/\/www.cordobatimes.com\/showup\/wp-json\/wp\/v2\/tags?post=61528"}],"curies":[{"name":"wp","href":"https:\/\/api.w.org\/{rel}","templated":true}]}}