{"id":61515,"date":"2019-02-15T19:09:13","date_gmt":"2019-02-15T22:09:13","guid":{"rendered":"https:\/\/www.cordobatimes.com\/showup\/?p=61515"},"modified":"2019-02-15T19:09:13","modified_gmt":"2019-02-15T22:09:13","slug":"mis-manos-el-primer-tema-de-oriana-sabatini-en-espanol","status":"publish","type":"post","link":"https:\/\/www.cordobatimes.com\/showup\/musica\/2019\/02\/15\/mis-manos-el-primer-tema-de-oriana-sabatini-en-espanol\/","title":{"rendered":"\u00abMis manos\u00bb el primer tema de Oriana Sabatini en espa\u00f1ol"},"content":{"rendered":"<h3><strong>La ex Aliados present\u00f3 su nueva canci\u00f3n, la primera en espa\u00f1ol, en la que se refiere a un hombre que no la supo valorar.<\/strong><\/h3>\n<p>Oriana Sabatini vuelvo a poner las riendas sobre su gran pasi\u00f3n: la m\u00fasica. La cantante no descuida su prometedora carrera art\u00edstica y, en medio de sus viajes por Italia (donde se luce su novio, Paulo Dybala, crack de la Juventus) y Miami, la joven estrella pop estuvo componiendo, estudiando, produciendo \u00a1y de reuni\u00f3n en reuni\u00f3n!<\/p>\n<p>\u00bfLo nuevo? Tras lanzar sus primeras cuatro canciones (en colaboraci\u00f3n con MDL, productor de Justin Bieber, Maroon 5 y m\u00e1s), ahora presenta su primer tema en espa\u00f1ol : \u00abMis manos\u00bb , con una letra muy fuerte que dar\u00e1 que hablar.<\/p>\n<p>La artista de Pirca Records y Babel project no para de cosechar \u00e9xitos. En el ultimo a\u00f1o se present\u00f3 en dos teatros Vorterix; hizo su primer Lollapalooza, se luci\u00f3 como telonera de grandes artistas internacionales de la talla de Coldplay, Ariana Grande, y Dua Lipa. Tambi\u00e9n particip\u00f3 en la pel\u00edcula Perdida y fue elegida por importantes marcas para ser la protagonista de sus campa\u00f1as . Y hay m\u00e1s: porque fue nominada como revelaci\u00f3n musical en varios premios nacionales e internacionales (MTV MIAW, Kids Choice Awards y m\u00e1s).<\/p>\n<p>\u00a1Espi\u00e1 la letra del nuevo hit de Oriana Sabatini!<\/p>\n<p>Todo el tiempo el tiempo que perd\u00ed<\/p>\n<p>Casi perfecta yo fui para ti<\/p>\n<p>Y me pregunto<\/p>\n<p>\u00bfQu\u00e9 hiciste por m\u00ed?<\/p>\n<p>\u00bfQu\u00e9 hiciste por m\u00ed?<\/p>\n<p>\u00bfQu\u00e9 hiciste por m\u00ed?<\/p>\n<p>Si no quieres ver lo que tienes<\/p>\n<p>Ya no hago falta aqu\u00ed<\/p>\n<p>No sabes de lo que te pierdes<\/p>\n<p>To bad for you<\/p>\n<p>But no for me<\/p>\n<p>Dime por qu\u00e9 te necesito<\/p>\n<p>cuando me tengo a m\u00ed<\/p>\n<p>Yo sola se c\u00f3mo sentirlo<\/p>\n<p>Mis manos dicen hacelo as\u00ed, as\u00ed, as\u00ed<\/p>\n<p>Todo mi cuerpo te di para recorrer<\/p>\n<p>Mis cicatrices yo te hice ver<\/p>\n<p>Y me pregunto que hiciste por m\u00ed<\/p>\n<p>Qu\u00e9 hiciste por mi<\/p>\n<p>Yo quiero saber<\/p>\n<p>Si no quieres ver lo que tienes<\/p>\n<p>Ya no hago falta aqu\u00ed<\/p>\n<p>No sabes de lo que te pierdes<\/p>\n<p>To bad for you<\/p>\n<p>But no for me<\/p>\n<p>Dime por que te necesito<\/p>\n<p>Cuando me tengo a m\u00ed<\/p>\n<p>yo sola s\u00e9 como sentirlo<\/p>\n<p>Mis manos dicen hacelo as\u00ed, as\u00ed<\/p>\n<p>Dime por que<\/p>\n<p>Te necesito<\/p>\n<p>Cuando me tengo a mi<\/p>\n<p>Yo sola s\u00e9 como sentirlo<\/p>\n<p>Mis manos dicen hacelo as\u00ed.<\/p>\n<p><iframe loading=\"lazy\" src=\"https:\/\/www.youtube.com\/embed\/tYM4wg34QkQ\" width=\"560\" height=\"315\" frameborder=\"0\" allowfullscreen=\"allowfullscreen\"><\/iframe><\/p>\n","protected":false},"excerpt":{"rendered":"<p>La ex Aliados present\u00f3 su nueva canci\u00f3n, la primera en espa\u00f1ol, en la que se refiere a un hombre que no la supo valorar. Oriana Sabatini vuelvo a poner las riendas sobre su gran pasi\u00f3n: la m\u00fasica. La cantante no descuida su prometedora carrera art\u00edstica y, en medio de sus viajes por Italia (donde se [&hellip;]<\/p>\n","protected":false},"author":1,"featured_media":61516,"comment_status":"closed","ping_status":"closed","sticky":false,"template":"","format":"standard","meta":{"_seopress_robots_primary_cat":"","_seopress_titles_title":"","_seopress_titles_desc":"","_seopress_robots_index":"","footnotes":""},"categories":[12967,5],"tags":[22963,22964,22965,655,22966,22967],"class_list":{"0":"post-61515","1":"post","2":"type-post","3":"status-publish","4":"format-standard","5":"has-post-thumbnail","7":"category-destacada","8":"category-musica","9":"tag-mis-manos","10":"tag-nueva-cancion-de-oriana-sabatini","11":"tag-nuevo-tema-de-oriana-sabatini","12":"tag-oriana-sabatini","14":"tag-tema-en-espanol-de-oriana-sabatini"},"_links":{"self":[{"href":"https:\/\/www.cordobatimes.com\/showup\/wp-json\/wp\/v2\/posts\/61515","targetHints":{"allow":["GET"]}}],"collection":[{"href":"https:\/\/www.cordobatimes.com\/showup\/wp-json\/wp\/v2\/posts"}],"about":[{"href":"https:\/\/www.cordobatimes.com\/showup\/wp-json\/wp\/v2\/types\/post"}],"author":[{"embeddable":true,"href":"https:\/\/www.cordobatimes.com\/showup\/wp-json\/wp\/v2\/users\/1"}],"replies":[{"embeddable":true,"href":"https:\/\/www.cordobatimes.com\/showup\/wp-json\/wp\/v2\/comments?post=61515"}],"version-history":[{"count":0,"href":"https:\/\/www.cordobatimes.com\/showup\/wp-json\/wp\/v2\/posts\/61515\/revisions"}],"wp:featuredmedia":[{"embeddable":true,"href":"https:\/\/www.cordobatimes.com\/showup\/wp-json\/wp\/v2\/media\/61516"}],"wp:attachment":[{"href":"https:\/\/www.cordobatimes.com\/showup\/wp-json\/wp\/v2\/media?parent=61515"}],"wp:term":[{"taxonomy":"category","embeddable":true,"href":"https:\/\/www.cordobatimes.com\/showup\/wp-json\/wp\/v2\/categories?post=61515"},{"taxonomy":"post_tag","embeddable":true,"href":"https:\/\/www.cordobatimes.com\/showup\/wp-json\/wp\/v2\/tags?post=61515"}],"curies":[{"name":"wp","href":"https:\/\/api.w.org\/{rel}","templated":true}]}}