{"id":61219,"date":"2018-09-03T17:33:36","date_gmt":"2018-09-03T20:33:36","guid":{"rendered":"http:\/\/www.cordobatimes.com\/showup\/?p=61219"},"modified":"2018-09-03T17:33:36","modified_gmt":"2018-09-03T20:33:36","slug":"del-invierno-a-la-primavera-el-accesorio-noventoso-que-es-tendencia","status":"publish","type":"post","link":"https:\/\/www.cordobatimes.com\/showup\/moda-y-estilos\/2018\/09\/03\/del-invierno-a-la-primavera-el-accesorio-noventoso-que-es-tendencia\/","title":{"rendered":"Del invierno a la primavera: el accesorio noventoso que es tendencia"},"content":{"rendered":"<p class=\"capital\">En oto\u00f1o te contamos que\u00a0las ri\u00f1oneras\u00a0volv\u00edan este a\u00f1o con todo su esplendor. Y si bien en la Argentina se vieron moderadamente durante la temporada de invierno, para la primavera-verano 2018 aterrizan con toda la fuerza. Las marcas argentinas para adolescentes y j\u00f3venes ya las exhiben en sus vidrieras y tiendas online, al igual que las firmas deportivas, pero las marcas para mujeres adultas las van incluyendo poco a poco.<\/p>\n<p>Son uno de los accesorios del invierno que siguen y que actualmente\u00a0est\u00e1n en liquidaci\u00f3n, por lo que es una buena oportunidad para adquirirlas en colores neutros y cl\u00e1sicos, y empezar a usar una de las\u00a0Aendencias m\u00e1s fuertes\u00a0de la nueva temporada.<\/p>\n<p>Para la primavera, sin embargo, como la paleta cambia, las propuestas se vienen en colores estridentes y materiales divertidos, con efectos transparentes o tornasolados. Se lucir\u00e1n cruzadas en la espalda, para llevarlas bien segura en la parte delantera. Pero tambi\u00e9n de manera convencional, es decir en la cintura o cadera, y vendr\u00e1n en distintos tama\u00f1os para que carguen desde celulares grandes hasta billeteras.<\/p>\n<p><img alt=\"\" loading=\"lazy\" decoding=\"async\" class=\"alignnone size-full wp-image-61221\" src=\"http:\/\/www.cordobatimes.com\/showup\/wp-content\/uploads\/2018\/09\/6.jpg\" alt=\"\" width=\"1580\" height=\"889\" srcset=\"https:\/\/www.cordobatimes.com\/showup\/wp-content\/uploads\/2018\/09\/6.jpg 1580w, https:\/\/www.cordobatimes.com\/showup\/wp-content\/uploads\/2018\/09\/6-746x420.jpg 746w, https:\/\/www.cordobatimes.com\/showup\/wp-content\/uploads\/2018\/09\/6-768x432.jpg 768w, https:\/\/www.cordobatimes.com\/showup\/wp-content\/uploads\/2018\/09\/6-1024x576.jpg 1024w\" sizes=\"auto, (max-width: 1580px) 100vw, 1580px\" \/> <img alt=\"\" loading=\"lazy\" decoding=\"async\" class=\"alignnone size-full wp-image-61222\" src=\"http:\/\/www.cordobatimes.com\/showup\/wp-content\/uploads\/2018\/09\/7.jpg\" alt=\"\" width=\"591\" height=\"889\" srcset=\"https:\/\/www.cordobatimes.com\/showup\/wp-content\/uploads\/2018\/09\/7.jpg 591w, https:\/\/www.cordobatimes.com\/showup\/wp-content\/uploads\/2018\/09\/7-279x420.jpg 279w\" sizes=\"auto, (max-width: 591px) 100vw, 591px\" \/> <img alt=\"\" loading=\"lazy\" decoding=\"async\" class=\"alignnone size-full wp-image-61223\" src=\"http:\/\/www.cordobatimes.com\/showup\/wp-content\/uploads\/2018\/09\/8.jpg\" alt=\"\" width=\"591\" height=\"889\" srcset=\"https:\/\/www.cordobatimes.com\/showup\/wp-content\/uploads\/2018\/09\/8.jpg 591w, https:\/\/www.cordobatimes.com\/showup\/wp-content\/uploads\/2018\/09\/8-279x420.jpg 279w\" sizes=\"auto, (max-width: 591px) 100vw, 591px\" \/> <img alt=\"\" loading=\"lazy\" decoding=\"async\" class=\"alignnone size-full wp-image-61224\" src=\"http:\/\/www.cordobatimes.com\/showup\/wp-content\/uploads\/2018\/09\/9.jpg\" alt=\"\" width=\"591\" height=\"889\" srcset=\"https:\/\/www.cordobatimes.com\/showup\/wp-content\/uploads\/2018\/09\/9.jpg 591w, https:\/\/www.cordobatimes.com\/showup\/wp-content\/uploads\/2018\/09\/9-279x420.jpg 279w\" sizes=\"auto, (max-width: 591px) 100vw, 591px\" \/> <img alt=\"\" loading=\"lazy\" decoding=\"async\" class=\"alignnone size-full wp-image-61225\" src=\"http:\/\/www.cordobatimes.com\/showup\/wp-content\/uploads\/2018\/09\/10.jpg\" alt=\"\" width=\"591\" height=\"889\" srcset=\"https:\/\/www.cordobatimes.com\/showup\/wp-content\/uploads\/2018\/09\/10.jpg 591w, https:\/\/www.cordobatimes.com\/showup\/wp-content\/uploads\/2018\/09\/10-279x420.jpg 279w\" sizes=\"auto, (max-width: 591px) 100vw, 591px\" \/> <img alt=\"\" loading=\"lazy\" decoding=\"async\" class=\"alignnone size-full wp-image-61226\" src=\"http:\/\/www.cordobatimes.com\/showup\/wp-content\/uploads\/2018\/09\/11.jpg\" alt=\"\" width=\"591\" height=\"889\" srcset=\"https:\/\/www.cordobatimes.com\/showup\/wp-content\/uploads\/2018\/09\/11.jpg 591w, https:\/\/www.cordobatimes.com\/showup\/wp-content\/uploads\/2018\/09\/11-279x420.jpg 279w\" sizes=\"auto, (max-width: 591px) 100vw, 591px\" \/> <img alt=\"\" loading=\"lazy\" decoding=\"async\" class=\"alignnone size-full wp-image-61227\" src=\"http:\/\/www.cordobatimes.com\/showup\/wp-content\/uploads\/2018\/09\/12.jpg\" alt=\"\" width=\"591\" height=\"889\" srcset=\"https:\/\/www.cordobatimes.com\/showup\/wp-content\/uploads\/2018\/09\/12.jpg 591w, https:\/\/www.cordobatimes.com\/showup\/wp-content\/uploads\/2018\/09\/12-279x420.jpg 279w\" sizes=\"auto, (max-width: 591px) 100vw, 591px\" \/> <img alt=\"\" loading=\"lazy\" decoding=\"async\" class=\"alignnone size-full wp-image-61228\" src=\"http:\/\/www.cordobatimes.com\/showup\/wp-content\/uploads\/2018\/09\/13.jpg\" alt=\"\" width=\"591\" height=\"889\" srcset=\"https:\/\/www.cordobatimes.com\/showup\/wp-content\/uploads\/2018\/09\/13.jpg 591w, https:\/\/www.cordobatimes.com\/showup\/wp-content\/uploads\/2018\/09\/13-279x420.jpg 279w\" sizes=\"auto, (max-width: 591px) 100vw, 591px\" \/> <img alt=\"\" loading=\"lazy\" decoding=\"async\" class=\"alignnone size-full wp-image-61229\" src=\"http:\/\/www.cordobatimes.com\/showup\/wp-content\/uploads\/2018\/09\/14.jpg\" alt=\"\" width=\"591\" height=\"889\" srcset=\"https:\/\/www.cordobatimes.com\/showup\/wp-content\/uploads\/2018\/09\/14.jpg 591w, https:\/\/www.cordobatimes.com\/showup\/wp-content\/uploads\/2018\/09\/14-279x420.jpg 279w\" sizes=\"auto, (max-width: 591px) 100vw, 591px\" \/><\/p>\n","protected":false},"excerpt":{"rendered":"<p>En oto\u00f1o te contamos que\u00a0las ri\u00f1oneras\u00a0volv\u00edan este a\u00f1o con todo su esplendor. Y si bien en la Argentina se vieron moderadamente durante la temporada de invierno, para la primavera-verano 2018 aterrizan con toda la fuerza. Las marcas argentinas para adolescentes y j\u00f3venes ya las exhiben en sus vidrieras y tiendas online, al igual que las [&hellip;]<\/p>\n","protected":false},"author":1,"featured_media":61220,"comment_status":"closed","ping_status":"closed","sticky":false,"template":"","format":"standard","meta":{"_seopress_robots_primary_cat":"","_seopress_titles_title":"","_seopress_titles_desc":"","_seopress_robots_index":"","footnotes":""},"categories":[228],"tags":[22925,14166,9368,22926,1235],"class_list":{"0":"post-61219","1":"post","2":"type-post","3":"status-publish","4":"format-standard","5":"has-post-thumbnail","7":"category-moda-y-estilos","8":"tag-accesorio-noventoso","9":"tag-invierno","10":"tag-primavera","11":"tag-rinoneras","12":"tag-tendencia"},"_links":{"self":[{"href":"https:\/\/www.cordobatimes.com\/showup\/wp-json\/wp\/v2\/posts\/61219","targetHints":{"allow":["GET"]}}],"collection":[{"href":"https:\/\/www.cordobatimes.com\/showup\/wp-json\/wp\/v2\/posts"}],"about":[{"href":"https:\/\/www.cordobatimes.com\/showup\/wp-json\/wp\/v2\/types\/post"}],"author":[{"embeddable":true,"href":"https:\/\/www.cordobatimes.com\/showup\/wp-json\/wp\/v2\/users\/1"}],"replies":[{"embeddable":true,"href":"https:\/\/www.cordobatimes.com\/showup\/wp-json\/wp\/v2\/comments?post=61219"}],"version-history":[{"count":0,"href":"https:\/\/www.cordobatimes.com\/showup\/wp-json\/wp\/v2\/posts\/61219\/revisions"}],"wp:featuredmedia":[{"embeddable":true,"href":"https:\/\/www.cordobatimes.com\/showup\/wp-json\/wp\/v2\/media\/61220"}],"wp:attachment":[{"href":"https:\/\/www.cordobatimes.com\/showup\/wp-json\/wp\/v2\/media?parent=61219"}],"wp:term":[{"taxonomy":"category","embeddable":true,"href":"https:\/\/www.cordobatimes.com\/showup\/wp-json\/wp\/v2\/categories?post=61219"},{"taxonomy":"post_tag","embeddable":true,"href":"https:\/\/www.cordobatimes.com\/showup\/wp-json\/wp\/v2\/tags?post=61219"}],"curies":[{"name":"wp","href":"https:\/\/api.w.org\/{rel}","templated":true}]}}