{"id":61190,"date":"2018-08-31T12:26:58","date_gmt":"2018-08-31T15:26:58","guid":{"rendered":"http:\/\/www.cordobatimes.com\/showup\/?p=61190"},"modified":"2018-08-31T12:28:09","modified_gmt":"2018-08-31T15:28:09","slug":"pampita-a-la-tele-canal-hora-y-las-figuras-invitadas","status":"publish","type":"post","link":"https:\/\/www.cordobatimes.com\/showup\/tv\/2018\/08\/31\/pampita-a-la-tele-canal-hora-y-las-figuras-invitadas\/","title":{"rendered":"Pampita a la tele: canal, hora y las figuras invitadas"},"content":{"rendered":"<h3><strong>La modelo vuelve a la conducci\u00f3n de un programa.<\/strong><\/h3>\n<p>Tras su repentino y pol\u00e9mico alejamiento de\u00a0Pampita Online,\u00a0Carolina Ardohain\u00a0vuelve a la conducci\u00f3n de la mano de un ciclo de entrevistas.<\/p>\n<p>En esta oportunidad, Caro estar\u00e1 sola, no contar\u00e1 con panelistas ni acompa\u00f1antes. Ser\u00e1 un \u201cmano a mano\u201d entre ella y la figura invitada. Marina Calabr\u00f3 adelant\u00f3 que\u00a0Nacha Guevara\u00a0ser\u00e1 su primera entrevistada y ahora tambi\u00e9n se sum\u00f3 Catherine Fulop, ambas estar\u00e1n presentes en el debut.<\/p>\n<p>Aunque a\u00fan no hay definiciones en cuento a la se\u00f1al que emitir\u00e1 esta producci\u00f3n, desde el portal se adelant\u00f3 que no ser\u00e1 extra\u00f1o que el ciclo de entrevistas debute en KZO. El debut est\u00e1 pensado para octubre y el pr\u00f3ximo martes la modelo comenzar\u00e1 con las grabaciones.<\/p>\n","protected":false},"excerpt":{"rendered":"<p>La modelo vuelve a la conducci\u00f3n de un programa. Tras su repentino y pol\u00e9mico alejamiento de\u00a0Pampita Online,\u00a0Carolina Ardohain\u00a0vuelve a la conducci\u00f3n de la mano de un ciclo de entrevistas. En esta oportunidad, Caro estar\u00e1 sola, no contar\u00e1 con panelistas ni acompa\u00f1antes. Ser\u00e1 un \u201cmano a mano\u201d entre ella y la figura invitada. Marina Calabr\u00f3 adelant\u00f3 [&hellip;]<\/p>\n","protected":false},"author":1,"featured_media":61191,"comment_status":"closed","ping_status":"closed","sticky":false,"template":"","format":"standard","meta":{"_seopress_robots_primary_cat":"","_seopress_titles_title":"","_seopress_titles_desc":"","_seopress_robots_index":"","footnotes":""},"categories":[2],"tags":[6052,234,22910,1715,22911],"class_list":{"0":"post-61190","1":"post","2":"type-post","3":"status-publish","4":"format-standard","5":"has-post-thumbnail","7":"category-tv","8":"tag-carolina-ardohain","9":"tag-destacada","10":"tag-kzo","11":"tag-pampita","12":"tag-pampita-nuevo-programa"},"_links":{"self":[{"href":"https:\/\/www.cordobatimes.com\/showup\/wp-json\/wp\/v2\/posts\/61190","targetHints":{"allow":["GET"]}}],"collection":[{"href":"https:\/\/www.cordobatimes.com\/showup\/wp-json\/wp\/v2\/posts"}],"about":[{"href":"https:\/\/www.cordobatimes.com\/showup\/wp-json\/wp\/v2\/types\/post"}],"author":[{"embeddable":true,"href":"https:\/\/www.cordobatimes.com\/showup\/wp-json\/wp\/v2\/users\/1"}],"replies":[{"embeddable":true,"href":"https:\/\/www.cordobatimes.com\/showup\/wp-json\/wp\/v2\/comments?post=61190"}],"version-history":[{"count":0,"href":"https:\/\/www.cordobatimes.com\/showup\/wp-json\/wp\/v2\/posts\/61190\/revisions"}],"wp:featuredmedia":[{"embeddable":true,"href":"https:\/\/www.cordobatimes.com\/showup\/wp-json\/wp\/v2\/media\/61191"}],"wp:attachment":[{"href":"https:\/\/www.cordobatimes.com\/showup\/wp-json\/wp\/v2\/media?parent=61190"}],"wp:term":[{"taxonomy":"category","embeddable":true,"href":"https:\/\/www.cordobatimes.com\/showup\/wp-json\/wp\/v2\/categories?post=61190"},{"taxonomy":"post_tag","embeddable":true,"href":"https:\/\/www.cordobatimes.com\/showup\/wp-json\/wp\/v2\/tags?post=61190"}],"curies":[{"name":"wp","href":"https:\/\/api.w.org\/{rel}","templated":true}]}}