{"id":61139,"date":"2018-08-28T10:36:39","date_gmt":"2018-08-28T13:36:39","guid":{"rendered":"http:\/\/www.cordobatimes.com\/showup\/?p=61139"},"modified":"2018-08-28T10:36:39","modified_gmt":"2018-08-28T13:36:39","slug":"netflix-conto-sobre-los-nuevos-personajes-de-house-of-cards","status":"publish","type":"post","link":"https:\/\/www.cordobatimes.com\/showup\/cine-y-series\/2018\/08\/28\/netflix-conto-sobre-los-nuevos-personajes-de-house-of-cards\/","title":{"rendered":"Netflix cont\u00f3 sobre los nuevos personajes de \u201cHouse of Cards\u201d"},"content":{"rendered":"<div class=\"nodeFull clearfix\">\n<div class=\"teaser\">\n<h3><strong>La sexta y \u00faltima temporada de la serie se podr\u00e1 ver a partir del 2 de noviembre.\u00a0<\/strong><\/h3>\n<\/div>\n<div class=\"body\">\n<p>Robin Wright\u00a0regresa como la Presidente de Estados Unidos en la sexta y \u00faltima temporada de\u00a0House of Cards. Adem\u00e1s de los ya conocidos personajes, en los nuevos episodios habr\u00e1 incorporaciones que Netflix acaba de anunciar.<\/p>\n<p>Diane Lane y Greg Kinnear interpretar\u00e1n a Annette Shepherd y Bill Shepherd, hermana y hermano herederos de Shepherd Unlimited, un conglomerado industrial l\u00edder cuyas fundaciones familiares ejercen una poderosa fuerza detr\u00e1s del panorama pol\u00edtico estadounidense. Los dos comparten una visi\u00f3n para el futuro de Am\u00e9rica, as\u00ed como un pasado complicado con los Underwoods.<\/p>\n<p>Cody Fern (<strong>El asesinato de Gianni Versace<\/strong>) en tanto se pondr\u00e1 en la piel de Duncan Shepherd, el ambicioso y dedicado hijo de Annette, que representa la pr\u00f3xima generaci\u00f3n de jugadores de poder de Washington D.C.<\/p>\n<p>House of Cards\u00a0estrena en Netflix el 2 de noviembre pr\u00f3ximo.<\/p>\n<p><img decoding=\"async\" class=\"image-landscape_565_318\" title=\"Fotos: Netflix\" src=\"http:\/\/staticvosf5b.lavozdelinterior.com.ar\/sites\/default\/files\/styles\/landscape_770_433\/public\/nota_periodistica\/hoc_0.jpg\" alt=\"\" width=\"100%\" height=\"auto\" \/><\/p>\n<p><img decoding=\"async\" class=\"image-landscape_565_318\" title=\"Fotos: Netflix\" src=\"http:\/\/staticvosf5a.lavozdelinterior.com.ar\/sites\/default\/files\/styles\/landscape_770_433\/public\/nota_periodistica\/hoc3.jpg\" alt=\"\" width=\"100%\" height=\"auto\" \/><\/p>\n<p><img decoding=\"async\" class=\"image-landscape_565_318\" title=\"Fotos: Netflix\" src=\"http:\/\/staticvosf5a.lavozdelinterior.com.ar\/sites\/default\/files\/styles\/landscape_770_433\/public\/nota_periodistica\/hoc4.jpg\" alt=\"\" width=\"100%\" height=\"auto\" \/><\/p>\n<\/div>\n<\/div>\n<div class=\"node-mas\">\n<section>\n<div class=\"container\">\n<div class=\"temas clearfix\">\n<div class=\"tags\"><\/div>\n<\/div>\n<\/div>\n<\/section>\n<\/div>\n","protected":false},"excerpt":{"rendered":"<p>La sexta y \u00faltima temporada de la serie se podr\u00e1 ver a partir del 2 de noviembre.\u00a0 Robin Wright\u00a0regresa como la Presidente de Estados Unidos en la sexta y \u00faltima temporada de\u00a0House of Cards. Adem\u00e1s de los ya conocidos personajes, en los nuevos episodios habr\u00e1 incorporaciones que Netflix acaba de anunciar. Diane Lane y Greg [&hellip;]<\/p>\n","protected":false},"author":1,"featured_media":61140,"comment_status":"closed","ping_status":"closed","sticky":false,"template":"","format":"standard","meta":{"_seopress_robots_primary_cat":"","_seopress_titles_title":"","_seopress_titles_desc":"","_seopress_robots_index":"","footnotes":""},"categories":[3],"tags":[22871,22872,3879,3882,22870,20226],"class_list":{"0":"post-61139","1":"post","2":"type-post","3":"status-publish","4":"format-standard","5":"has-post-thumbnail","7":"category-cine-y-series","8":"tag-diane-lane","9":"tag-greg-kinnear","10":"tag-house-of-cards","11":"tag-netflix","12":"tag-nuevos-personajes-de-house-of-cards","13":"tag-robin-wright"},"_links":{"self":[{"href":"https:\/\/www.cordobatimes.com\/showup\/wp-json\/wp\/v2\/posts\/61139","targetHints":{"allow":["GET"]}}],"collection":[{"href":"https:\/\/www.cordobatimes.com\/showup\/wp-json\/wp\/v2\/posts"}],"about":[{"href":"https:\/\/www.cordobatimes.com\/showup\/wp-json\/wp\/v2\/types\/post"}],"author":[{"embeddable":true,"href":"https:\/\/www.cordobatimes.com\/showup\/wp-json\/wp\/v2\/users\/1"}],"replies":[{"embeddable":true,"href":"https:\/\/www.cordobatimes.com\/showup\/wp-json\/wp\/v2\/comments?post=61139"}],"version-history":[{"count":0,"href":"https:\/\/www.cordobatimes.com\/showup\/wp-json\/wp\/v2\/posts\/61139\/revisions"}],"wp:featuredmedia":[{"embeddable":true,"href":"https:\/\/www.cordobatimes.com\/showup\/wp-json\/wp\/v2\/media\/61140"}],"wp:attachment":[{"href":"https:\/\/www.cordobatimes.com\/showup\/wp-json\/wp\/v2\/media?parent=61139"}],"wp:term":[{"taxonomy":"category","embeddable":true,"href":"https:\/\/www.cordobatimes.com\/showup\/wp-json\/wp\/v2\/categories?post=61139"},{"taxonomy":"post_tag","embeddable":true,"href":"https:\/\/www.cordobatimes.com\/showup\/wp-json\/wp\/v2\/tags?post=61139"}],"curies":[{"name":"wp","href":"https:\/\/api.w.org\/{rel}","templated":true}]}}