{"id":61106,"date":"2018-08-24T19:01:01","date_gmt":"2018-08-24T22:01:01","guid":{"rendered":"http:\/\/www.cordobatimes.com\/showup\/?p=61106"},"modified":"2018-08-24T19:01:18","modified_gmt":"2018-08-24T22:01:18","slug":"netflix-prepara-una-serie-sobre-la-vida-de-ricardo-fort","status":"publish","type":"post","link":"https:\/\/www.cordobatimes.com\/showup\/cine-y-series\/2018\/08\/24\/netflix-prepara-una-serie-sobre-la-vida-de-ricardo-fort\/","title":{"rendered":"Netflix prepara una serie sobre la vida de Ricardo Fort"},"content":{"rendered":"<h3><strong>Las ficciones biogr\u00e1ficas son un \u00e9xito arrasador en las pantallas.<\/strong><\/h3>\n<article id=\"node-105238\" class=\"main-new\">\n<div class=\"main-new-content\">\n<p>tal como lo demostr\u00f3 la biopic de\u00a0<strong>Luis Miguel<\/strong>, o tiempo atr\u00e1s la serie\u00a0<strong>El patr\u00f3n del mal<\/strong>\u00a0que tuvo al narcotraficante colombiano\u00a0<strong>Pablo Escobar Gaviria<\/strong>\u00a0como protagonista. Con esa clave en mente, el jueves en\u00a0<strong>Confrontados<\/strong>\u00a0se asegur\u00f3 que\u00a0<strong>Netflix<\/strong>\u00a0prepara una miniserie sobre\u00a0<strong>Ricardo Fort<\/strong>.<\/p>\n<p>\u00abA mediados de noviembre, comienzos de diciembre, se empezar\u00e1 a producir en Argentina una serie que va a tener un poco de ficci\u00f3n, pero mucho m\u00e1s de documental, alrededor de la vida de Ricardo Fort. Netflix trabaja de forma muy secreta, lo hizo con la serie sobre\u00a0<strong>Alberto Nisman<\/strong>, y conocimos los datos sobre la ficci\u00f3n de\u00a0<strong>Carlos Monz\u00f3n<\/strong>\u00a0y\u00a0<strong>Susana Gim\u00e9nez<\/strong>\u201d, cont\u00f3\u00a0<strong>Franco Torchia<\/strong>.<\/p>\n<p>Al final, el periodista agreg\u00f3: \u201c<strong>No va a haber un actor que haga de Ricardo Fort<\/strong>. El mayor conflicto va a tener que ver con los archivos de la \u00e9poca dorada de Fort que son de\u00a0<strong>eltrece<\/strong>, de cuando form\u00f3 parte de\u00a0<strong>ShowMatch<\/strong>, y en otra buena medida pertenecen a\u00a0<strong>Am\u00e9rica<\/strong>, donde Ricardo hizo sus otros programas. A\u00a0<strong>Netflix<\/strong>\u00a0le encant\u00f3 el personaje, aunque hab\u00eda responsables ejecutivos que no lo conoc\u00edan. Vieron en Fort a un \u00edcono de la cultura yankee\u201d.<\/p>\n<p><iframe loading=\"lazy\" src=\"https:\/\/www.youtube.com\/embed\/MLiqodDzwTU\" width=\"560\" height=\"315\" frameborder=\"0\" allowfullscreen=\"allowfullscreen\" data-mce-fragment=\"1\"><\/iframe><\/p>\n<\/div>\n<section class=\"related-news\">\n<h4 class=\"related-news-title\"><\/h4>\n<\/section>\n<aside>\n<div class=\"tags\"><\/div>\n<\/aside>\n<\/article>\n<aside id=\"aside\" class=\"col-4 sm-hidden\" data-megalateral=\"col-3_lg-4 sm-hidden\">\n<div class=\"\">\n<div id=\"block-eplanning4-9\" class=\"\">\n<div class=\"content\">\n<div class=\"banner-wrapper\">\n<div id=\"caja1_ad\" data-google-query-id=\"CMmP27DXht0CFUe4swodj3AMyg\"><\/div>\n<\/div>\n<\/div>\n<\/div>\n<\/div>\n<\/aside>\n","protected":false},"excerpt":{"rendered":"<p>Las ficciones biogr\u00e1ficas son un \u00e9xito arrasador en las pantallas. tal como lo demostr\u00f3 la biopic de\u00a0Luis Miguel, o tiempo atr\u00e1s la serie\u00a0El patr\u00f3n del mal\u00a0que tuvo al narcotraficante colombiano\u00a0Pablo Escobar Gaviria\u00a0como protagonista. Con esa clave en mente, el jueves en\u00a0Confrontados\u00a0se asegur\u00f3 que\u00a0Netflix\u00a0prepara una miniserie sobre\u00a0Ricardo Fort. \u00abA mediados de noviembre, comienzos de diciembre, se [&hellip;]<\/p>\n","protected":false},"author":1,"featured_media":61107,"comment_status":"closed","ping_status":"closed","sticky":false,"template":"","format":"standard","meta":{"_seopress_robots_primary_cat":"","_seopress_titles_title":"","_seopress_titles_desc":"","_seopress_robots_index":"","footnotes":""},"categories":[3],"tags":[22844,22846,3882,482,22845],"class_list":{"0":"post-61106","1":"post","2":"type-post","3":"status-publish","4":"format-standard","5":"has-post-thumbnail","7":"category-cine-y-series","8":"tag-ficciones-biograficas","9":"tag-la-vida-de-ricardo-fort","10":"tag-netflix","11":"tag-ricardo-fort","12":"tag-serie-sobre-la-vida-de-ricardo-fort"},"_links":{"self":[{"href":"https:\/\/www.cordobatimes.com\/showup\/wp-json\/wp\/v2\/posts\/61106","targetHints":{"allow":["GET"]}}],"collection":[{"href":"https:\/\/www.cordobatimes.com\/showup\/wp-json\/wp\/v2\/posts"}],"about":[{"href":"https:\/\/www.cordobatimes.com\/showup\/wp-json\/wp\/v2\/types\/post"}],"author":[{"embeddable":true,"href":"https:\/\/www.cordobatimes.com\/showup\/wp-json\/wp\/v2\/users\/1"}],"replies":[{"embeddable":true,"href":"https:\/\/www.cordobatimes.com\/showup\/wp-json\/wp\/v2\/comments?post=61106"}],"version-history":[{"count":0,"href":"https:\/\/www.cordobatimes.com\/showup\/wp-json\/wp\/v2\/posts\/61106\/revisions"}],"wp:featuredmedia":[{"embeddable":true,"href":"https:\/\/www.cordobatimes.com\/showup\/wp-json\/wp\/v2\/media\/61107"}],"wp:attachment":[{"href":"https:\/\/www.cordobatimes.com\/showup\/wp-json\/wp\/v2\/media?parent=61106"}],"wp:term":[{"taxonomy":"category","embeddable":true,"href":"https:\/\/www.cordobatimes.com\/showup\/wp-json\/wp\/v2\/categories?post=61106"},{"taxonomy":"post_tag","embeddable":true,"href":"https:\/\/www.cordobatimes.com\/showup\/wp-json\/wp\/v2\/tags?post=61106"}],"curies":[{"name":"wp","href":"https:\/\/api.w.org\/{rel}","templated":true}]}}