{"id":61078,"date":"2018-08-23T11:16:02","date_gmt":"2018-08-23T14:16:02","guid":{"rendered":"http:\/\/www.cordobatimes.com\/showup\/?p=61078"},"modified":"2018-08-23T11:18:18","modified_gmt":"2018-08-23T14:18:18","slug":"el-marginal-2-ya-tiene-fecha-de-estreno-en-netflix","status":"publish","type":"post","link":"https:\/\/www.cordobatimes.com\/showup\/tv\/2018\/08\/23\/el-marginal-2-ya-tiene-fecha-de-estreno-en-netflix\/","title":{"rendered":"\u201cEl Marginal 2\u201d ya tiene fecha de estreno en Netflix"},"content":{"rendered":"<h3><strong>La segunda temporada de la serie carcelaria llegar\u00e1 a la plataforma de streaming.<\/strong><\/h3>\n<p>El martes 4 de octubre se emitir\u00e1 en la Televisi\u00f3n P\u00fablica el octavo y \u00faltimo cap\u00edtulo de la segunda temporada de\u00a0El Marginal. La serie se puede ver luego del estreno de cada episodio en la p\u00e1gina\u00a0Cont.ar\u00a0de manera gratuita.<\/p>\n<p>Ahora,\u00a0Netflix\u00a0anunci\u00f3 que la segunda temporada de la ficci\u00f3n carcelaria estar\u00e1 disponible a partir del viernes 28 de septiembre para los usuarios de la plataforma.<\/p>\n<p>El Marginal\u00a02\u00a0es una precuela que cuenta c\u00f3mo ingresaron los hermanos Borges a la c\u00e1rcel de San Onofre y su disputa por el poder, que est\u00e1 en manos de El Sapo.<\/p>\n<p>En esta nueva tanda de cap\u00edtulos repiten en pantalla Nicol\u00e1s Furtado, Martina Gusm\u00e1n, Claudio Rissi y Gerardo Romano, entre otros; y se suman Esteban Lamothe, Carlos Portaluppi, Ver\u00f3nica Llin\u00e1s y Roly Serrano.<\/p>\n","protected":false},"excerpt":{"rendered":"<p>La segunda temporada de la serie carcelaria llegar\u00e1 a la plataforma de streaming. El martes 4 de octubre se emitir\u00e1 en la Televisi\u00f3n P\u00fablica el octavo y \u00faltimo cap\u00edtulo de la segunda temporada de\u00a0El Marginal. La serie se puede ver luego del estreno de cada episodio en la p\u00e1gina\u00a0Cont.ar\u00a0de manera gratuita. Ahora,\u00a0Netflix\u00a0anunci\u00f3 que la segunda [&hellip;]<\/p>\n","protected":false},"author":1,"featured_media":61079,"comment_status":"closed","ping_status":"closed","sticky":false,"template":"","format":"standard","meta":{"_seopress_robots_primary_cat":"","_seopress_titles_title":"","_seopress_titles_desc":"","_seopress_robots_index":"","footnotes":""},"categories":[2],"tags":[21090,22826,19379,3929,5454,10640,3882,7234,816,12477],"class_list":{"0":"post-61078","1":"post","2":"type-post","3":"status-publish","4":"format-standard","5":"has-post-thumbnail","7":"category-tv","8":"tag-carlos-portaluppi","9":"tag-claudio-rissi","10":"tag-el-marginal-2","11":"tag-esteban-lamothe","12":"tag-gerardo-romano","13":"tag-martina-gusman","14":"tag-netflix","15":"tag-nicolas-furtado","16":"tag-roly-serrano","17":"tag-veronica-llinas"},"_links":{"self":[{"href":"https:\/\/www.cordobatimes.com\/showup\/wp-json\/wp\/v2\/posts\/61078","targetHints":{"allow":["GET"]}}],"collection":[{"href":"https:\/\/www.cordobatimes.com\/showup\/wp-json\/wp\/v2\/posts"}],"about":[{"href":"https:\/\/www.cordobatimes.com\/showup\/wp-json\/wp\/v2\/types\/post"}],"author":[{"embeddable":true,"href":"https:\/\/www.cordobatimes.com\/showup\/wp-json\/wp\/v2\/users\/1"}],"replies":[{"embeddable":true,"href":"https:\/\/www.cordobatimes.com\/showup\/wp-json\/wp\/v2\/comments?post=61078"}],"version-history":[{"count":0,"href":"https:\/\/www.cordobatimes.com\/showup\/wp-json\/wp\/v2\/posts\/61078\/revisions"}],"wp:featuredmedia":[{"embeddable":true,"href":"https:\/\/www.cordobatimes.com\/showup\/wp-json\/wp\/v2\/media\/61079"}],"wp:attachment":[{"href":"https:\/\/www.cordobatimes.com\/showup\/wp-json\/wp\/v2\/media?parent=61078"}],"wp:term":[{"taxonomy":"category","embeddable":true,"href":"https:\/\/www.cordobatimes.com\/showup\/wp-json\/wp\/v2\/categories?post=61078"},{"taxonomy":"post_tag","embeddable":true,"href":"https:\/\/www.cordobatimes.com\/showup\/wp-json\/wp\/v2\/tags?post=61078"}],"curies":[{"name":"wp","href":"https:\/\/api.w.org\/{rel}","templated":true}]}}