{"id":61063,"date":"2018-08-22T12:08:29","date_gmt":"2018-08-22T15:08:29","guid":{"rendered":"http:\/\/www.cordobatimes.com\/showup\/?p=61063"},"modified":"2018-08-22T12:08:43","modified_gmt":"2018-08-22T15:08:43","slug":"atypical-tendra-segunda-temporada","status":"publish","type":"post","link":"https:\/\/www.cordobatimes.com\/showup\/cine-y-series\/2018\/08\/22\/atypical-tendra-segunda-temporada\/","title":{"rendered":"Atypical tendr\u00e1 segunda temporada"},"content":{"rendered":"<h3><strong>Recientemente lanz\u00f3 el tr\u00e1iler y la fecha de estreno.<\/strong><\/h3>\n<p>La serie\u00a0Atypical\u00a0tendr\u00e1 sorpresivamente una segunda temporada y no habr\u00e1 que esperar mucho para su lanzamiento.\u00a0Netflix\u00a0anunci\u00f3 que estrenar\u00e1 mundialmente el 7 de septiembre con un tr\u00e1iler con algunas im\u00e1genes in\u00e9ditas de lo que vendr\u00e1.<\/p>\n<p>\u201cCada familia es imperfecta. Cada familia es impredecible. Cada familia es un mundo\u201d, introduce la descripci\u00f3n.<\/p>\n<p>Atypical\u00a0es una comedia dram\u00e1tica centrada en el personaje de Sam Gardner (Keir Gilchrist), un joven de 18 a\u00f1os que es autista y que vive con sus padres y hermana, quienes lo sobreprotegen y acompa\u00f1an. Pero ahora su hermana se va a estudiar a una Universidad lejos de su casa, sus padres se separaron y \u00e9l tendr\u00e1 que comenzar a tomar decisiones por su cuenta.<\/p>\n<p><iframe loading=\"lazy\" width=\"560\" height=\"315\" src=\"https:\/\/www.youtube.com\/embed\/u98jDYGQc14\" frameborder=\"0\" allow=\"autoplay; encrypted-media\" allowfullscreen><\/iframe><\/p>\n","protected":false},"excerpt":{"rendered":"<p>Recientemente lanz\u00f3 el tr\u00e1iler y la fecha de estreno. La serie\u00a0Atypical\u00a0tendr\u00e1 sorpresivamente una segunda temporada y no habr\u00e1 que esperar mucho para su lanzamiento.\u00a0Netflix\u00a0anunci\u00f3 que estrenar\u00e1 mundialmente el 7 de septiembre con un tr\u00e1iler con algunas im\u00e1genes in\u00e9ditas de lo que vendr\u00e1. \u201cCada familia es imperfecta. Cada familia es impredecible. Cada familia es un mundo\u201d, [&hellip;]<\/p>\n","protected":false},"author":1,"featured_media":61064,"comment_status":"closed","ping_status":"closed","sticky":false,"template":"","format":"standard","meta":{"_seopress_robots_primary_cat":"","_seopress_titles_title":"","_seopress_titles_desc":"","_seopress_robots_index":"","footnotes":""},"categories":[3],"tags":[18839,22815,3882,19323],"class_list":{"0":"post-61063","1":"post","2":"type-post","3":"status-publish","4":"format-standard","5":"has-post-thumbnail","7":"category-cine-y-series","8":"tag-atypical","9":"tag-atypical-tendra-segunda-temporada","10":"tag-netflix","11":"tag-serie-de-netflix"},"_links":{"self":[{"href":"https:\/\/www.cordobatimes.com\/showup\/wp-json\/wp\/v2\/posts\/61063","targetHints":{"allow":["GET"]}}],"collection":[{"href":"https:\/\/www.cordobatimes.com\/showup\/wp-json\/wp\/v2\/posts"}],"about":[{"href":"https:\/\/www.cordobatimes.com\/showup\/wp-json\/wp\/v2\/types\/post"}],"author":[{"embeddable":true,"href":"https:\/\/www.cordobatimes.com\/showup\/wp-json\/wp\/v2\/users\/1"}],"replies":[{"embeddable":true,"href":"https:\/\/www.cordobatimes.com\/showup\/wp-json\/wp\/v2\/comments?post=61063"}],"version-history":[{"count":0,"href":"https:\/\/www.cordobatimes.com\/showup\/wp-json\/wp\/v2\/posts\/61063\/revisions"}],"wp:featuredmedia":[{"embeddable":true,"href":"https:\/\/www.cordobatimes.com\/showup\/wp-json\/wp\/v2\/media\/61064"}],"wp:attachment":[{"href":"https:\/\/www.cordobatimes.com\/showup\/wp-json\/wp\/v2\/media?parent=61063"}],"wp:term":[{"taxonomy":"category","embeddable":true,"href":"https:\/\/www.cordobatimes.com\/showup\/wp-json\/wp\/v2\/categories?post=61063"},{"taxonomy":"post_tag","embeddable":true,"href":"https:\/\/www.cordobatimes.com\/showup\/wp-json\/wp\/v2\/tags?post=61063"}],"curies":[{"name":"wp","href":"https:\/\/api.w.org\/{rel}","templated":true}]}}