{"id":61060,"date":"2018-08-22T11:40:01","date_gmt":"2018-08-22T14:40:01","guid":{"rendered":"http:\/\/www.cordobatimes.com\/showup\/?p=61060"},"modified":"2018-08-22T11:40:38","modified_gmt":"2018-08-22T14:40:38","slug":"intenso-trailer-y-fecha-de-estreno-de-la-tercera-temporada-de-las-chicas-del-cable","status":"publish","type":"post","link":"https:\/\/www.cordobatimes.com\/showup\/cine-y-series\/2018\/08\/22\/intenso-trailer-y-fecha-de-estreno-de-la-tercera-temporada-de-las-chicas-del-cable\/","title":{"rendered":"Intenso tr\u00e1iler y fecha de estreno de la tercera temporada de Las Chicas del Cable"},"content":{"rendered":"<h3><strong>Mir\u00e1 el avance.<\/strong><\/h3>\n<p>\u201cLidia (Blanca Su\u00e1rez), \u00c1ngeles (Maggie Civantos), Marga (Nadia de Santiago), Carlota (Ana Fern\u00e1ndez) y Sara (Ana Polvorosa) regresan m\u00e1s fuertes y unidas que nunca. Tras un grave accidente durante la boda de Lidia, la vida de las chicas del cable dar\u00e1 un nuevo vuelco y tendr\u00e1n que luchar sin contemplaciones por aquello en lo que m\u00e1s creen. Sin buscarlo, se encontrar\u00e1n inmersas en situaciones de peligro, de venganzas ocultas y secretos inconfesables, de sentimientos encontrados\u2026 pero cada una de ellas vivir\u00e1 el inicio de la nueva d\u00e9cada con el apoyo incondicional de sus amigas\u201d, de esta manera adelanta Netflix la sinopsis oficial de la nueva temporada de\u00a0Las chicas del cable.<\/p>\n<p>La tercera entrega de esta ficci\u00f3n estrenar\u00e1 mundialmente en la plataforma por streaming el 7 de septiembre y recientemente se lanz\u00f3 un nuevo tr\u00e1iler con im\u00e1genes in\u00e9ditas. Miralo ac\u00e1.<\/p>\n<p><iframe loading=\"lazy\" width=\"560\" height=\"315\" src=\"https:\/\/www.youtube.com\/embed\/cBu6vHUnrhg\" frameborder=\"0\" allow=\"autoplay; encrypted-media\" allowfullscreen><\/iframe><\/p>\n","protected":false},"excerpt":{"rendered":"<p>Mir\u00e1 el avance. \u201cLidia (Blanca Su\u00e1rez), \u00c1ngeles (Maggie Civantos), Marga (Nadia de Santiago), Carlota (Ana Fern\u00e1ndez) y Sara (Ana Polvorosa) regresan m\u00e1s fuertes y unidas que nunca. Tras un grave accidente durante la boda de Lidia, la vida de las chicas del cable dar\u00e1 un nuevo vuelco y tendr\u00e1n que luchar sin contemplaciones por aquello [&hellip;]<\/p>\n","protected":false},"author":1,"featured_media":61061,"comment_status":"closed","ping_status":"closed","sticky":false,"template":"","format":"standard","meta":{"_seopress_robots_primary_cat":"","_seopress_titles_title":"","_seopress_titles_desc":"","_seopress_robots_index":"","footnotes":""},"categories":[3],"tags":[22812,22814,22813],"class_list":{"0":"post-61060","1":"post","2":"type-post","3":"status-publish","4":"format-standard","5":"has-post-thumbnail","7":"category-cine-y-series","8":"tag-fecha-de-estreno-de-la-tercera-temporada-de-las-chicas-del-cable","9":"tag-las-chicas-del-cable","10":"tag-tercera-temporada-de-las-chicas-del-cable"},"_links":{"self":[{"href":"https:\/\/www.cordobatimes.com\/showup\/wp-json\/wp\/v2\/posts\/61060","targetHints":{"allow":["GET"]}}],"collection":[{"href":"https:\/\/www.cordobatimes.com\/showup\/wp-json\/wp\/v2\/posts"}],"about":[{"href":"https:\/\/www.cordobatimes.com\/showup\/wp-json\/wp\/v2\/types\/post"}],"author":[{"embeddable":true,"href":"https:\/\/www.cordobatimes.com\/showup\/wp-json\/wp\/v2\/users\/1"}],"replies":[{"embeddable":true,"href":"https:\/\/www.cordobatimes.com\/showup\/wp-json\/wp\/v2\/comments?post=61060"}],"version-history":[{"count":0,"href":"https:\/\/www.cordobatimes.com\/showup\/wp-json\/wp\/v2\/posts\/61060\/revisions"}],"wp:featuredmedia":[{"embeddable":true,"href":"https:\/\/www.cordobatimes.com\/showup\/wp-json\/wp\/v2\/media\/61061"}],"wp:attachment":[{"href":"https:\/\/www.cordobatimes.com\/showup\/wp-json\/wp\/v2\/media?parent=61060"}],"wp:term":[{"taxonomy":"category","embeddable":true,"href":"https:\/\/www.cordobatimes.com\/showup\/wp-json\/wp\/v2\/categories?post=61060"},{"taxonomy":"post_tag","embeddable":true,"href":"https:\/\/www.cordobatimes.com\/showup\/wp-json\/wp\/v2\/tags?post=61060"}],"curies":[{"name":"wp","href":"https:\/\/api.w.org\/{rel}","templated":true}]}}