{"id":61045,"date":"2018-08-21T11:24:12","date_gmt":"2018-08-21T14:24:12","guid":{"rendered":"http:\/\/www.cordobatimes.com\/showup\/?p=61045"},"modified":"2019-03-13T16:39:02","modified_gmt":"2019-03-13T19:39:02","slug":"un-recorrido-por-la-exitosa-carrera-de-lali-esposito","status":"publish","type":"post","link":"https:\/\/www.cordobatimes.com\/showup\/famosos\/2018\/08\/21\/un-recorrido-por-la-exitosa-carrera-de-lali-esposito\/","title":{"rendered":"Un recorrido por la exitosa carrera de Lali Esp\u00f3sito"},"content":{"rendered":"<h3><strong>Con tan solo 26 a\u00f1os tiene 3 discos, encabeza un show de talentos para Latinoam\u00e9rica, y una pel\u00edcula con proyecci\u00f3n internacional.<\/strong><\/h3>\n<p>A los 10 a\u00f1os, Malena Cabrera escap\u00f3 de la casa de su t\u00eda y termin\u00f3 viviendo entre los ni\u00f1os del hogar Rinc\u00f3n de Luz, con su identidad cambiada: ella fue \u00e9l, \u201cCoco\u201d, hasta que se descubri\u00f3 su verdadera identidad.<\/p>\n<p><img alt=\"\" loading=\"lazy\" decoding=\"async\" class=\"alignnone size-full wp-image-62108\" src=\"https:\/\/www.cordobatimes.com\/showup\/wp-content\/uploads\/2018\/08\/1-31.jpg\" alt=\"\" width=\"720\" height=\"710\" srcset=\"https:\/\/www.cordobatimes.com\/showup\/wp-content\/uploads\/2018\/08\/1-31.jpg 720w, https:\/\/www.cordobatimes.com\/showup\/wp-content\/uploads\/2018\/08\/1-31-426x420.jpg 426w, https:\/\/www.cordobatimes.com\/showup\/wp-content\/uploads\/2018\/08\/1-31-696x686.jpg 696w\" sizes=\"auto, (max-width: 720px) 100vw, 720px\" \/><\/p>\n<p>Desde aquel papel,\u00a0Mariana Esp\u00f3sito\u00a0\u2013que es \u201cLali\u201d a causa de que su hermano no pod\u00eda pronunciar correctamente \u201cMari\u201d\u2013 no tuvo respiro en una carrera s\u00f3lida, vertiginosa, repleta de \u00e9xitos.<\/p>\n<p>Ahora tiene 26, y aquella peque\u00f1a estrella\/ni\u00f1a de\u00a0<strong>Rinc\u00f3n de Luz<\/strong>, de la factor\u00eda Cris Morena, y luego estrella\/adolescente se ha convertido en una mujer \u00edcono del pop argento y latinoamericano.<\/p>\n<p>Pasaron s\u00f3lo 15 a\u00f1os de aquel debut, y esos primeros pasos contrastan con las m\u00faltiples Lali de hoy: acaba de sacar su nuevo disco solista,\u00a0<strong>Brava<\/strong>; ser\u00e1 una de las caras de\u00a0<strong>Talento FOX<\/strong>, el concurso de talentos regional que empieza el mi\u00e9rcoles; protagoniza la pel\u00edcula\u00a0<strong>Acusada<\/strong>, que competir\u00e1 en septiembre en el festival de San Sebasti\u00e1n; tiene una l\u00ednea de ropa; cuenta con cinco millones de seguidores en Instagram. Y un largo, largu\u00edsimo etc\u00e9tera.<\/p>\n<p><img alt=\"\" loading=\"lazy\" decoding=\"async\" class=\"alignnone size-full wp-image-62109\" src=\"https:\/\/www.cordobatimes.com\/showup\/wp-content\/uploads\/2018\/08\/2-20.jpg\" alt=\"\" width=\"693\" height=\"377\" \/><\/p>\n<p>Mujer de car\u00e1cter, extrovertida, simp\u00e1tica, decidida, Lali reconoce momentos en que se convierte en \u201cbrava\u201d, aunque eligi\u00f3 el t\u00e9rmino para nombrar su disco en su sentido m\u00e1s amplio, no s\u00f3lo en el de enojada. \u201cLo uso para referir a la posibilidad de dejar en claro mi opini\u00f3n. Me gu\u00eda desde siempre un consejo de mis padres (de mi madre, especialmente), que es esto de poder decir y hacer lo que quieras, de nunca sentirte disminuida para dar tu versi\u00f3n, siempre y cuando sea con respeto, fundamento y educaci\u00f3n\u201d.<\/p>\n<p><img alt=\"\" loading=\"lazy\" decoding=\"async\" class=\"alignnone size-full wp-image-62110\" src=\"https:\/\/www.cordobatimes.com\/showup\/wp-content\/uploads\/2018\/08\/3-16.jpg\" alt=\"\" width=\"1047\" height=\"573\" srcset=\"https:\/\/www.cordobatimes.com\/showup\/wp-content\/uploads\/2018\/08\/3-16.jpg 1047w, https:\/\/www.cordobatimes.com\/showup\/wp-content\/uploads\/2018\/08\/3-16-760x416.jpg 760w, https:\/\/www.cordobatimes.com\/showup\/wp-content\/uploads\/2018\/08\/3-16-750x410.jpg 750w, https:\/\/www.cordobatimes.com\/showup\/wp-content\/uploads\/2018\/08\/3-16-768x420.jpg 768w, https:\/\/www.cordobatimes.com\/showup\/wp-content\/uploads\/2018\/08\/3-16-1024x560.jpg 1024w, https:\/\/www.cordobatimes.com\/showup\/wp-content\/uploads\/2018\/08\/3-16-696x381.jpg 696w, https:\/\/www.cordobatimes.com\/showup\/wp-content\/uploads\/2018\/08\/3-16-767x420.jpg 767w\" sizes=\"auto, (max-width: 1047px) 100vw, 1047px\" \/><\/p>\n<p>Lali se pone brava para defender lo que dice, lo que piensa; se pone brava por alguna injusticia o desidia, y va m\u00e1s all\u00e1: \u201cSi hay mala vibra, me pongo brav\u00edsima\u201d.<\/p>\n<p>Su postura a favor de la ley de Interrupci\u00f3n Voluntaria del Embarazo es un ejemplo, con ella militando incluso a pesar de que eso significara el riesgo de perder fans. Esp\u00f3sito, que vino a C\u00f3rdoba para presentar su nuevo \u00e1lbum, dijo que qued\u00f3 desilusionada por el rechazo a la Ley.<\/p>\n<p>\u201cSiento que la discusi\u00f3n no hizo foco en el asunto real. Ac\u00e1 no se hablaba de si es lindo o feo abortar; de la vida, la no vida, las dos vidas. Entiendo que es un tema sensible y que hay que respetar todas las opiniones, todas las religiones, pero ac\u00e1 el hecho real era clandestino o no clandestino, salud p\u00fablica. Y se han decidido por la clandestinidad, porque es eso lo que han votado. Y es fuerte como joven ver qui\u00e9nes nos representan y por qu\u00e9 deciden empujarnos al horror. Me da pena que esto, que se trataba algo netamente para las mujeres, se termin\u00f3 reduciendo al \u2018yo no lo har\u00eda\u2019, \u2018mis hijas no s\u00e9 cu\u00e1nto&#8230;\u2019. No se trata de vos\u201d.<\/p>\n<p><strong>De pel\u00edcula <\/strong><\/p>\n<p>Si entre el disco y su trabajo como figura del programa de talentos de FOX explota su faceta como s\u00faper estrella pop internacional, en la <strong>pel\u00edcula<strong>\u00a0Acusada<\/strong><\/strong>\u00a0mostrar\u00e1 un plano totalmente diferente, incluso para un p\u00fablico distinto. Es un drama en el que Lali interpretar\u00e1 a Dolores, una joven estudiante cuya vida cambia cuando su mejor amiga aparece brutalmente asesinada.<\/p>\n<p><img alt=\"\" loading=\"lazy\" decoding=\"async\" src=\"https:\/\/www.cordobatimes.com\/showup\/wp-content\/uploads\/2018\/08\/4-14.jpg\" alt=\"\" width=\"640\" height=\"351\" class=\"alignnone size-full wp-image-62111\" \/><\/p>\n<p>A\u00f1os despu\u00e9s, ella es la \u00fanica acusada por el crimen en un caso de gran exposici\u00f3n medi\u00e1tica que la ha colocado en el centro de la escena. Ella se prepara para el juicio aislada en su casa, mientras su padre (Leonardo Sbaraglia) y su madre (In\u00e9s Est\u00e9vez) funcionan como un equipo dispuesto a todo: definen obsesivamente c\u00f3mo luce, qu\u00e9 hace, cu\u00e1nto come y con quienes se junta. Pero a medida que la presi\u00f3n aumenta y el veredicto se acerca, aparecen la sospecha y los secretos en el seno familiar.<\/p>\n<p>Sobre el filme de Gast\u00f3n Tobal tiene \u201ctoda la fe\u201d, y le propone a la joven actriz un desaf\u00edo muy distinto. \u201cNunca hab\u00eda hecho un drama en cine. Fue intenso todo, hubo mucho trabajo para lograr tocar esa tecla que el dire me ped\u00eda. Y el resultado es excelente. La pel\u00edcula es una bestialidad\u201d, asegura Lali.<\/p>\n<p>La joven Esp\u00f3sito, que se considera obsesiva, muy trabajadora, que reconoce sus dificultades para delegar (algo en lo que est\u00e1 trabajando), que se obsesiona con bajar el ego y confiar m\u00e1s, dice que\u00a0<strong>Acusada<\/strong>\u00a0le permitir\u00e1 crear otro registro. \u201cNo pens\u00e9 qu\u00e9 prestigio consigo con esto. Hice la pel\u00edcula porque me gust\u00f3&#8230; y est\u00e1 entre 20 que compiten en Venecia y entr\u00f3 al Festival de Toronto\u201d.<\/p>\n<p>A Lali no le asustan los cambios ni los riesgos. Su nuevo disco, sin abandonar el universo pop que tan bien domina, tambi\u00e9n. \u201c<strong>Brava\u00a0<\/strong>es muy nuevo en todo; en su arte, en lo que dice, en la manera que fusiona el pop con otros sonidos sin dejar de ser Lali. Fue un trabajo minucioso con el fin de entregar algo novedoso\u201d.<\/p>\n<p><strong>Historia de \u00e9xito <\/strong><\/p>\n<p>Desde su debut en\u00a0<strong>Rinc\u00f3n de Luz<\/strong>, con Soledad Pastorutti y Guido Kaczcka como estrellas principales, la carrera de Lali Esp\u00f3sito s\u00f3lo arroj\u00f3 grandes hitos. La consolidaci\u00f3n en\u00a0<strong>Floricienta <\/strong>como la encantadora Roberta, su inolvidable presencia como \u201cMar\u201d Talarico Rinaldi en\u00a0<strong>Casi \u00c1ngeles<\/strong>\u00a0(2007\/2010); aquella madura Daniela Cousteau en la tira\u00a0<strong>Solamente vos<\/strong>; Julia \u201cEsperanza\u201d Albarrac\u00edn como la gran figura de\u00a0<strong>Esperanza M\u00eda<\/strong>, se cruzaron en esta d\u00e9cada y media con su fruct\u00edfera carrera musical.<\/p>\n<p>Tres discos como solista, a raz\u00f3n de uno cada dos a\u00f1os<strong> A bailar,<\/strong> de 2014;\u00a0<strong>Soy<\/strong>, de 2016; ahora\u00a0<strong>Brava<\/strong>, se suman a los siete que grab\u00f3 con los Teen Angels en cinco a\u00f1os, y a su participaci\u00f3n en las bandas sonoras de todas sus series.<\/p>\n<p>Lali gan\u00f3 premios en los Kids Choice Awards, los MTV Millenials Awards, los Gardel, y hasta lleg\u00f3 a conquistar al dif\u00edcil \u201cmonstruo\u201d de Vi\u00f1a del Mar. Su carrera m\u00faltiple e integral, su claridad al hablar, definirse y definir el mundo, su impulso pasional por distintas expresiones art\u00edsticas la posicionan en lo m\u00e1s alto del universo argentino.<\/p>\n<p>Si de aquella peque\u00f1a \u201cCoco\u201d era dif\u00edcil predecir este presente perfecto, tambi\u00e9n es una tarea riesgosa imaginar l\u00edmites hacia el futuro.<\/p>\n","protected":false},"excerpt":{"rendered":"<p>Con tan solo 26 a\u00f1os tiene 3 discos, encabeza un show de talentos para Latinoam\u00e9rica, y una pel\u00edcula con proyecci\u00f3n internacional. A los 10 a\u00f1os, Malena Cabrera escap\u00f3 de la casa de su t\u00eda y termin\u00f3 viviendo entre los ni\u00f1os del hogar Rinc\u00f3n de Luz, con su identidad cambiada: ella fue \u00e9l, \u201cCoco\u201d, hasta que [&hellip;]<\/p>\n","protected":false},"author":1,"featured_media":61046,"comment_status":"closed","ping_status":"closed","sticky":false,"template":"","format":"standard","meta":{"_seopress_robots_primary_cat":"","_seopress_titles_title":"","_seopress_titles_desc":"","_seopress_robots_index":"","footnotes":""},"categories":[4],"tags":[16282,22800,22798,1327,22799],"class_list":{"0":"post-61045","1":"post","2":"type-post","3":"status-publish","4":"format-standard","5":"has-post-thumbnail","7":"category-famosos","8":"tag-carrera-de-lali-esposito","9":"tag-entrevistas-de-lali-esposito","10":"tag-exitosa-carrera-de-lali-esposito","11":"tag-lali-esposito","12":"tag-notas-de-lali-esposito"},"_links":{"self":[{"href":"https:\/\/www.cordobatimes.com\/showup\/wp-json\/wp\/v2\/posts\/61045","targetHints":{"allow":["GET"]}}],"collection":[{"href":"https:\/\/www.cordobatimes.com\/showup\/wp-json\/wp\/v2\/posts"}],"about":[{"href":"https:\/\/www.cordobatimes.com\/showup\/wp-json\/wp\/v2\/types\/post"}],"author":[{"embeddable":true,"href":"https:\/\/www.cordobatimes.com\/showup\/wp-json\/wp\/v2\/users\/1"}],"replies":[{"embeddable":true,"href":"https:\/\/www.cordobatimes.com\/showup\/wp-json\/wp\/v2\/comments?post=61045"}],"version-history":[{"count":0,"href":"https:\/\/www.cordobatimes.com\/showup\/wp-json\/wp\/v2\/posts\/61045\/revisions"}],"wp:featuredmedia":[{"embeddable":true,"href":"https:\/\/www.cordobatimes.com\/showup\/wp-json\/wp\/v2\/media\/61046"}],"wp:attachment":[{"href":"https:\/\/www.cordobatimes.com\/showup\/wp-json\/wp\/v2\/media?parent=61045"}],"wp:term":[{"taxonomy":"category","embeddable":true,"href":"https:\/\/www.cordobatimes.com\/showup\/wp-json\/wp\/v2\/categories?post=61045"},{"taxonomy":"post_tag","embeddable":true,"href":"https:\/\/www.cordobatimes.com\/showup\/wp-json\/wp\/v2\/tags?post=61045"}],"curies":[{"name":"wp","href":"https:\/\/api.w.org\/{rel}","templated":true}]}}