{"id":6103,"date":"2013-12-22T13:58:13","date_gmt":"2013-12-22T16:58:13","guid":{"rendered":"http:\/\/cordobatimes.com\/showup\/?p=6103"},"modified":"2019-12-01T11:24:57","modified_gmt":"2019-12-01T14:24:57","slug":"te-enganchaste-todo-lo-que-tenes-que-saber-de-avenida-brasil","status":"publish","type":"post","link":"https:\/\/www.cordobatimes.com\/showup\/tv\/2013\/12\/22\/te-enganchaste-todo-lo-que-tenes-que-saber-de-avenida-brasil\/","title":{"rendered":"\u00bfTe enganchaste? Todo lo que ten\u00e9s que saber de Avenida Brasil"},"content":{"rendered":"<p><strong style=\"color: #111111; font-family: Roboto, sans-serif; font-size: 22px; text-align: justify;\">Reci\u00e9n con una semana al aire, la telenovela de origen brasilero, ya se convirti\u00f3 en uno de los \u00e9xitos de la televisi\u00f3n argentina. La superproducci\u00f3n brasile\u00f1a es furor en las tardes de Telefe y se convirti\u00f3 en uno de los tres programas m\u00e1s vistos de la TV.<\/strong><\/p>\n<p style=\"text-align: justify;\">Protagonizada por\u00a0Murilo Benicio\u00a0y\u00a0D\u00e9bora Falabella, cuenta la historia de una peque\u00f1a llamada\u00a0Rita\u00a0que queda hu\u00e9rfana y su malvada madrastra,\u00a0Carminha, la abandona en el mayor basural de R\u00edo de Janeiro, donde conoce a su primer amor. La ni\u00f1a luego es adoptada por una familia argentina y se la llevan a vivir a Mendoza. All\u00ed pasa su adolescencia y se convierte en mujer. Luego vuelve a Brasil para vengarse de su madrastra, que, mientras tanto logr\u00f3 conquistar con armas un tanto reprochables a\u00a0Tif\u00f3n, un apuesto futbolista.<\/p>\n<p style=\"text-align: justify;\">Dos argentinos forman parte de este \u00e9xito. Ellos son Jean Pierre Noher<span style=\"color: #000000;\">\u00a0<\/span>(nacido en Par\u00eds y radicado en nuestro pa\u00eds desde muy peque\u00f1o) y Daniel Kuznieka\u00a0(nacido en Panam\u00e1 y tambi\u00e9n llegado aqu\u00ed en su ni\u00f1ez). Ambos formaron parte de la vida argentina de Nina (Falabella), la protagonista. Noher hace de\u00a0Mart\u00edn, su padre adoptivo; mientras que Kuznieka interpreta aH\u00e9ctor, su novio.<\/p>\n<p style=\"text-align: justify;\">En\u00a0Telefe\u00a0ya se pudieron ver los primeros cap\u00edtulos en los que los actores argentinos aparecen y las bellas escenas filmadas en los vi\u00f1edos de Mendoza.<\/p>\n<p>\u00a0<iframe loading=\"lazy\" src=\"\/\/www.youtube.com\/embed\/eLTyl8uNlB4\" width=\"560\" height=\"315\" frameborder=\"0\" allowfullscreen=\"allowfullscreen\"><\/iframe><\/p>\n<p>Fuente Ciudad.com<\/p>\n","protected":false},"excerpt":{"rendered":"<p>Reci\u00e9n con una semana al aire, la telenovela de origen brasilero, ya se convirti\u00f3 en uno de los \u00e9xitos de la televisi\u00f3n argentina. La superproducci\u00f3n brasile\u00f1a es furor en las tardes de Telefe y se convirti\u00f3 en uno de los tres programas m\u00e1s vistos de la TV. Protagonizada por\u00a0Murilo Benicio\u00a0y\u00a0D\u00e9bora Falabella, cuenta la historia de [&hellip;]<\/p>\n","protected":false},"author":9,"featured_media":6122,"comment_status":"closed","ping_status":"closed","sticky":false,"template":"","format":"standard","meta":{"_seopress_robots_primary_cat":"","_seopress_titles_title":"","_seopress_titles_desc":"","_seopress_robots_index":"","footnotes":""},"categories":[2],"tags":[26412,26410,26411],"class_list":{"0":"post-6103","1":"post","2":"type-post","3":"status-publish","4":"format-standard","5":"has-post-thumbnail","7":"category-tv","8":"tag-caua-reymond-y-debora-falabella","9":"tag-elenco-de-avenida-brasil","10":"tag-protagonistas-de-avenida-brasil"},"_links":{"self":[{"href":"https:\/\/www.cordobatimes.com\/showup\/wp-json\/wp\/v2\/posts\/6103","targetHints":{"allow":["GET"]}}],"collection":[{"href":"https:\/\/www.cordobatimes.com\/showup\/wp-json\/wp\/v2\/posts"}],"about":[{"href":"https:\/\/www.cordobatimes.com\/showup\/wp-json\/wp\/v2\/types\/post"}],"author":[{"embeddable":true,"href":"https:\/\/www.cordobatimes.com\/showup\/wp-json\/wp\/v2\/users\/9"}],"replies":[{"embeddable":true,"href":"https:\/\/www.cordobatimes.com\/showup\/wp-json\/wp\/v2\/comments?post=6103"}],"version-history":[{"count":0,"href":"https:\/\/www.cordobatimes.com\/showup\/wp-json\/wp\/v2\/posts\/6103\/revisions"}],"wp:featuredmedia":[{"embeddable":true,"href":"https:\/\/www.cordobatimes.com\/showup\/wp-json\/wp\/v2\/media\/6122"}],"wp:attachment":[{"href":"https:\/\/www.cordobatimes.com\/showup\/wp-json\/wp\/v2\/media?parent=6103"}],"wp:term":[{"taxonomy":"category","embeddable":true,"href":"https:\/\/www.cordobatimes.com\/showup\/wp-json\/wp\/v2\/categories?post=6103"},{"taxonomy":"post_tag","embeddable":true,"href":"https:\/\/www.cordobatimes.com\/showup\/wp-json\/wp\/v2\/tags?post=6103"}],"curies":[{"name":"wp","href":"https:\/\/api.w.org\/{rel}","templated":true}]}}