{"id":60997,"date":"2018-08-19T12:27:14","date_gmt":"2018-08-19T15:27:14","guid":{"rendered":"http:\/\/www.cordobatimes.com\/showup\/?p=60997"},"modified":"2018-08-19T12:28:51","modified_gmt":"2018-08-19T15:28:51","slug":"la-edicion-del-certamen-miss-venezuela-2018-se-suspende","status":"publish","type":"post","link":"https:\/\/www.cordobatimes.com\/showup\/espectaculos\/2018\/08\/19\/la-edicion-del-certamen-miss-venezuela-2018-se-suspende\/","title":{"rendered":"La edici\u00f3n del certamen Miss Venezuela 2018 se suspende"},"content":{"rendered":"<h3><strong>La organizaci\u00f3n Miss Venezuela anunci\u00f3 el viernes la suspensi\u00f3n de la edici\u00f3n de este a\u00f1o.<\/strong><\/h3>\n<p>&nbsp;<\/p>\n<p>La organizaci\u00f3n\u00a0Miss Venezuela\u00a0anunci\u00f3 la suspensi\u00f3n de la edici\u00f3n de este a\u00f1o del popular certamen prevista para el 12 de septiembre, debido a la decisi\u00f3n de un tribunal local que orden\u00f3 la medida a petici\u00f3n de una reina de belleza.<\/p>\n<p>La organizaci\u00f3n inform\u00f3 la noche del viernes a trav\u00e9s de un comunicado en su cuenta de Instagram que la suspensi\u00f3n se debi\u00f3 al fallo de una corte que dict\u00f3 la medida a solicitud de\u00a0Veruska Ljubisavljevic, miss Venezuela Mundo 2017. El comit\u00e9 ejecutivo de la organizaci\u00f3n indic\u00f3 que ejercer\u00e1 acciones legales para reclamar los da\u00f1os que genera la medida.<\/p>\n<p>Ljubisavljevic declar\u00f3 a medios locales que el comit\u00e9 ejecutivo del concurso le anunci\u00f3 que no ir\u00eda a la edici\u00f3n de este a\u00f1o de Miss Mundo debido a las exigencias de la franquicia internacional para la elecci\u00f3n de la representante de cada pa\u00eds.<\/p>\n<p>La joven anunci\u00f3 que ejercer\u00eda acciones legales a fin de representar a Venezuela en Miss Mundo de este a\u00f1o.<\/p>\n<p>El certamen Miss Venezuela enfrent\u00f3 en marzo una crisis luego que varias exparticipantes del concurso fueran acusadas a trav\u00e9s de las redes sociales de haber obtenido beneficios econ\u00f3micos por supuestas relaciones con figuras del gobierno.<\/p>\n<p>El esc\u00e1ndalo se dio semanas despu\u00e9s que Osmel Sousa, quien es conocido el \u00abZar de la Belleza\u00bb venezolana, anunciara su retiro de la direcci\u00f3n de la Organizaci\u00f3n Miss Venezuela, que durante casi 40 a\u00f1os sum\u00f3 para el pa\u00eds sudamericano siete coronas del Miss Universo, s\u00f3lo superado por Estados Unidos que acumula ocho.<\/p>\n<p>A ra\u00edz del incidente, la organizaci\u00f3n emprendi\u00f3 una revisi\u00f3n interna y nombr\u00f3 un nuevo comit\u00e9 ejecutivo.<\/p>\n<p>Venezuela ha ganado Miss Mundo en seis ocasiones, siete veces el cetro de Miss Internacional, dos Miss Tierra y otras 100 diademas.<\/p>\n<blockquote class=\"instagram-media\" style=\"background: #FFF; border: 0; border-radius: 3px; box-shadow: 0 0 1px 0 rgba(0,0,0,0.5),0 1px 10px 0 rgba(0,0,0,0.15); margin: 1px; max-width: 540px; min-width: 326px; padding: 0; width: calc(100% - 2px);\" data-instgrm-captioned=\"\" data-instgrm-permalink=\"https:\/\/www.instagram.com\/p\/Bmld-O5FIK3\/?utm_source=ig_embed\" data-instgrm-version=\"9\">\n<div style=\"padding: 8px;\">\n<div style=\"background: #F8F8F8; line-height: 0; margin-top: 40px; padding: 50.0% 0; text-align: center; width: 100%;\">\n<div style=\"background: url(data:image\/png; base64,ivborw0kggoaaaansuheugaaacwaaaascamaaaapwqozaaaabgdbtueaalgpc\/xhbqaaaafzukdcak7ohokaaaamuexurczmzpf399fx1+bm5mzy9amaaadisurbvdjlvzxbesmgces5\/p8\/t9furvcrmu73jwlzosgsiizurcjo\/ad+eqjjb4hv8bft+idpqocx1wjosbfhh2xssxeiyn3uli\/6mnree07uiwjev8ueowds88ly97kqytlijkktuybbruayvh5wohixmpi5we58ek028czwyuqdlkpg1bkb4nnm+veanfhqn1k4+gpt6ugqcvu2h2ovuif\/gwufyy8owepdyzsa3avcqpvovvzzz2vtnn2wu8qzvjddeto90gsy9mvlqtgysy231mxry6i2ggqjrty0l8fxcxfcbbhwrsyyaaaaaelftksuqmcc); display: block; height: 44px; margin: 0 auto -44px; position: relative; top: -22px; width: 44px;\"><\/div>\n<\/div>\n<p style=\"margin: 8px 0 0 0; padding: 0 4px;\"><a style=\"color: #000; font-family: Arial,sans-serif; font-size: 14px; font-style: normal; font-weight: normal; line-height: 17px; text-decoration: none; word-wrap: break-word;\" href=\"https:\/\/www.instagram.com\/p\/Bmld-O5FIK3\/?utm_source=ig_embed\" target=\"_blank\" rel=\"noopener\">Siempre he sabido que como ciudadanos (y como seres humanos) todos tenemos derechos y responsabilidades. Cumplir con las responsabilidades adquiridas es una seria obligacion, y siempre las he encarado con todo el aplomo y mejor disposici\u00f3n posible. Pero tambi\u00e9n es una obligaci\u00f3n defender los derechos de igualdad, no discriminacion y libertades individuales, cuando estas son amenazadas o vulneradas. Como es conocido por toda Venezuela, fui coronada Miss Venezuela Mundo gracias a mis esfuerzos y sacrificios propios, al apoyo y cari\u00f1o de mi familia y mis amigos.\u00a0 He sido muy disciplinada con mis obligaciones y los requerimientos de mi presencia y el uso de mi imagen y mi nombre como la representante de Venezuela en el Miss Mundo. He llevado un mensaje de integraci\u00f3n y respeto como bandera y entiendo que el respeto a los dem\u00e1s siempre empieza con la valoraci\u00f3n y el respeto a uno mismo, por eso al haber sido electa representante de la mujer Venezolana en el pr\u00f3ximo Miss World, no puedo permitir que me usen arbitrariamente como mujer sin exigir respeto y hacer valer mis derechos. En una reunion no formal las se\u00f1oras Nina Sicilia y Maria Gabriela Isler me informar\u00f3n que mi participaci\u00f3n en el Miss World no ser\u00eda efectiva. Entonces por qu\u00e9 en la noche del Miss Venezuela 2017 se permiti\u00f3 que se me otorgar\u00e1 la banda y corona de Miss World.? Por qu\u00e9 informarme de tal decisi\u00f3n tanto tiempo despu\u00e9s.? Recordemos que la figura gerencial del Miss Venezuela cambi\u00f3, pero siempre ha sido la misma organizaci\u00f3n y son ellos los responsables de esta injusticia, no alguna persona en particular. Apartir de este momento estoy en la obligaci\u00f3n de hacer valer mis derechos como ciudadana , como mujer, y como Venezolana, exigiendo que me sea restituido mi total y absoluto derecho de representar a mi pa\u00eds VENEZUELA \ud83c\uddfb\ud83c\uddea en la pr\u00f3xima Edici\u00f3n del #MissWorld . Un derecho adquirido de buena lid y valorado como la gran oportunidad de representar a mi pa\u00eds ante el mundo. A todas las personas que me han apoyado quiero hacerles llegar el m\u00e1s sincero de los abrazos por estar conmigo, darme aliento y fuerzas en momentos tan dif\u00edciles. Gracias Venezuela \ud83d\udc9b\ud83d\udc99\u2764 \ud83c\uddfb\ud83c\uddea<\/a><\/p>\n<p style=\"color: #c9c8cd; font-family: Arial,sans-serif; font-size: 14px; line-height: 17px; margin-bottom: 0; margin-top: 8px; overflow: hidden; padding: 8px 0 7px; text-align: center; text-overflow: ellipsis; white-space: nowrap;\">Una publicaci\u00f3n compartida de <a style=\"color: #c9c8cd; font-family: Arial,sans-serif; font-size: 14px; font-style: normal; font-weight: normal; line-height: 17px;\" href=\"https:\/\/www.instagram.com\/verulju\/?utm_source=ig_embed\" target=\"_blank\" rel=\"noopener\"> Veruska Ljubisavljevic<\/a> (@verulju) el <time style=\"font-family: Arial,sans-serif; font-size: 14px; line-height: 17px;\" datetime=\"2018-08-17T15:43:01+00:00\">17 Ago, 2018 a las 8:43 PDT<\/time><\/p>\n<\/div>\n<\/blockquote>\n<p><script async defer src=\"\/\/www.instagram.com\/embed.js\"><\/script><\/p>\n<blockquote class=\"instagram-media\" style=\"background: #FFF; border: 0; border-radius: 3px; box-shadow: 0 0 1px 0 rgba(0,0,0,0.5),0 1px 10px 0 rgba(0,0,0,0.15); margin: 1px; max-width: 540px; min-width: 326px; padding: 0; width: calc(100% - 2px);\" data-instgrm-captioned=\"\" data-instgrm-permalink=\"https:\/\/www.instagram.com\/p\/BmPKO2al8mZ\/?utm_source=ig_embed\" data-instgrm-version=\"9\">\n<div style=\"padding: 8px;\">\n<div style=\"background: #F8F8F8; line-height: 0; margin-top: 40px; padding: 50% 0; text-align: center; width: 100%;\">\n<div style=\"background: url(data:image\/png; base64,ivborw0kggoaaaansuheugaaacwaaaascamaaaapwqozaaaabgdbtueaalgpc\/xhbqaaaafzukdcak7ohokaaaamuexurczmzpf399fx1+bm5mzy9amaaadisurbvdjlvzxbesmgces5\/p8\/t9furvcrmu73jwlzosgsiizurcjo\/ad+eqjjb4hv8bft+idpqocx1wjosbfhh2xssxeiyn3uli\/6mnree07uiwjev8ueowds88ly97kqytlijkktuybbruayvh5wohixmpi5we58ek028czwyuqdlkpg1bkb4nnm+veanfhqn1k4+gpt6ugqcvu2h2ovuif\/gwufyy8owepdyzsa3avcqpvovvzzz2vtnn2wu8qzvjddeto90gsy9mvlqtgysy231mxry6i2ggqjrty0l8fxcxfcbbhwrsyyaaaaaelftksuqmcc); display: block; height: 44px; margin: 0 auto -44px; position: relative; top: -22px; width: 44px;\"><\/div>\n<\/div>\n<p style=\"margin: 8px 0 0 0; padding: 0 4px;\"><a style=\"color: #000; font-family: Arial,sans-serif; font-size: 14px; font-style: normal; font-weight: normal; line-height: 17px; text-decoration: none; word-wrap: break-word;\" href=\"https:\/\/www.instagram.com\/p\/BmPKO2al8mZ\/?utm_source=ig_embed\" target=\"_blank\" rel=\"noopener\">Desliza \u27a1\ufe0f . #MissWorld #MissMenezuela #MissVenezuelaMundo #Caracas #Venezuela<\/a><\/p>\n<p style=\"color: #c9c8cd; font-family: Arial,sans-serif; font-size: 14px; line-height: 17px; margin-bottom: 0; margin-top: 8px; overflow: hidden; padding: 8px 0 7px; text-align: center; text-overflow: ellipsis; white-space: nowrap;\">Una publicaci\u00f3n compartida de <a style=\"color: #c9c8cd; font-family: Arial,sans-serif; font-size: 14px; font-style: normal; font-weight: normal; line-height: 17px;\" href=\"https:\/\/www.instagram.com\/verulju\/?utm_source=ig_embed\" target=\"_blank\" rel=\"noopener\"> Veruska Ljubisavljevic<\/a> (@verulju) el <time style=\"font-family: Arial,sans-serif; font-size: 14px; line-height: 17px;\" datetime=\"2018-08-08T23:47:14+00:00\">8 Ago, 2018 a las 4:47 PDT<\/time><\/p>\n<\/div>\n<\/blockquote>\n<p><script async defer src=\"\/\/www.instagram.com\/embed.js\"><\/script><\/p>\n","protected":false},"excerpt":{"rendered":"<p>La organizaci\u00f3n Miss Venezuela anunci\u00f3 el viernes la suspensi\u00f3n de la edici\u00f3n de este a\u00f1o. &nbsp; La organizaci\u00f3n\u00a0Miss Venezuela\u00a0anunci\u00f3 la suspensi\u00f3n de la edici\u00f3n de este a\u00f1o del popular certamen prevista para el 12 de septiembre, debido a la decisi\u00f3n de un tribunal local que orden\u00f3 la medida a petici\u00f3n de una reina de belleza. [&hellip;]<\/p>\n","protected":false},"author":1,"featured_media":60998,"comment_status":"closed","ping_status":"closed","sticky":false,"template":"","format":"standard","meta":{"_seopress_robots_primary_cat":"","_seopress_titles_title":"","_seopress_titles_desc":"","_seopress_robots_index":"","footnotes":""},"categories":[10],"tags":[234,22759,22757,22758,22761,22760],"class_list":{"0":"post-60997","1":"post","2":"type-post","3":"status-publish","4":"format-standard","5":"has-post-thumbnail","7":"category-espectaculos","8":"tag-destacada","9":"tag-miss-venezuela","10":"tag-miss-venezuela-2018","11":"tag-miss-venezuela-2018-se-suspende","12":"tag-miss-venezuela-mundo-2017","13":"tag-veruska-ljubisavljevic"},"_links":{"self":[{"href":"https:\/\/www.cordobatimes.com\/showup\/wp-json\/wp\/v2\/posts\/60997","targetHints":{"allow":["GET"]}}],"collection":[{"href":"https:\/\/www.cordobatimes.com\/showup\/wp-json\/wp\/v2\/posts"}],"about":[{"href":"https:\/\/www.cordobatimes.com\/showup\/wp-json\/wp\/v2\/types\/post"}],"author":[{"embeddable":true,"href":"https:\/\/www.cordobatimes.com\/showup\/wp-json\/wp\/v2\/users\/1"}],"replies":[{"embeddable":true,"href":"https:\/\/www.cordobatimes.com\/showup\/wp-json\/wp\/v2\/comments?post=60997"}],"version-history":[{"count":0,"href":"https:\/\/www.cordobatimes.com\/showup\/wp-json\/wp\/v2\/posts\/60997\/revisions"}],"wp:featuredmedia":[{"embeddable":true,"href":"https:\/\/www.cordobatimes.com\/showup\/wp-json\/wp\/v2\/media\/60998"}],"wp:attachment":[{"href":"https:\/\/www.cordobatimes.com\/showup\/wp-json\/wp\/v2\/media?parent=60997"}],"wp:term":[{"taxonomy":"category","embeddable":true,"href":"https:\/\/www.cordobatimes.com\/showup\/wp-json\/wp\/v2\/categories?post=60997"},{"taxonomy":"post_tag","embeddable":true,"href":"https:\/\/www.cordobatimes.com\/showup\/wp-json\/wp\/v2\/tags?post=60997"}],"curies":[{"name":"wp","href":"https:\/\/api.w.org\/{rel}","templated":true}]}}