{"id":60956,"date":"2018-08-18T11:06:36","date_gmt":"2018-08-18T14:06:36","guid":{"rendered":"http:\/\/www.cordobatimes.com\/showup\/?p=60956"},"modified":"2018-08-18T11:07:21","modified_gmt":"2018-08-18T14:07:21","slug":"mira-los-modelos-de-jean-que-se-usaran-en-primavera","status":"publish","type":"post","link":"https:\/\/www.cordobatimes.com\/showup\/moda-y-estilos\/2018\/08\/18\/mira-los-modelos-de-jean-que-se-usaran-en-primavera\/","title":{"rendered":"Mir\u00e1 los modelos de jean que se usar\u00e1n en primavera"},"content":{"rendered":"<h3><strong>Como todos los inicios de temporada, las propuestas de tendencia comienzan a \u00abaparecer\u00bb y siempre est\u00e1n en esa lista las adoradas prendas de denim.<\/strong><\/h3>\n<p style=\"font-weight: 300;\">Por eso hoy nos enfocamos en eso y vamos a hablar de los jeans que se usar\u00e1n durante la pr\u00f3xima primavera-verano.<\/p>\n<p style=\"font-weight: 300;\"><span style=\"font-weight: 800;\">Los cl\u00e1sicos de los novent<\/span><strong>a<\/strong><\/p>\n<p style=\"font-weight: 300;\">La d\u00e9cada de los 90\u2019s se ve reflejada en varias tendencias actuales como en el tipo de zapatillas, prendas con logos grandes, los g\u00e9neros; y el jean no es la excepci\u00f3n. El pantal\u00f3n tipo 501 est\u00e1 de vuelta con toda la furia,\u00a0\u00a0si lo us\u00e1s bien suelto y con cinto mejor!<\/p>\n<p style=\"font-weight: 300;\"><span style=\"font-weight: 800;\">Con bandas laterales<\/span><\/p>\n<p style=\"font-weight: 300;\">Un cruce entre la ropa deportiva y el denim, el jean viene con bandas laterales que nos remiten al tracksuit o pantal\u00f3n de correr. Son ideales si quer\u00e9s dar una ilusi\u00f3n de piernas m\u00e1s flacas y estilizadas. Si bien son m\u00e1s bien informales, los pod\u00e9s combinar tanto con zapatillas y chatas como con tacos para levantar el look.<\/p>\n<p style=\"font-weight: 300;\"><span style=\"font-weight: 800;\">El crop acampanado<\/span><\/p>\n<p style=\"font-weight: 300;\">Los crop vienen apareciendo desde el a\u00f1o pasado, para las que no saben de qu\u00e9 se trata, es ese jean que parece un oxford bien acampanado abajo pero corto. Para lucir un lindo par de zapatos con unas medias bien divertidas o los tobillos al descubierto.<\/p>\n<p style=\"font-weight: 300;\"><span style=\"font-weight: 800;\">El Recto<\/span><\/p>\n<p style=\"font-weight: 300;\">El jean cl\u00e1sico y recto es la que va! Elegante y canchero a la vez, es lo que vino para quedarse unas temporadas m\u00e1s. Lo mejor es que sea cintura media o alta para que te estilice bien. Si te queda largo ni se te ocurra cortarlo!!! Les haces un doblado bien exagerado o lo usas \u201cchorreado\u201d sobre los pies.<\/p>\n<p style=\"font-weight: 300;\"><span style=\"font-weight: 800;\">Boyfriend alto<\/span><\/p>\n<p style=\"font-weight: 300;\">Para esta temporada el jean boyfriend sufre algunos cambios que ser\u00e1n m\u00e1s que beneficiosos. Si sos amante de esta tendencia suelta y c\u00f3moda, te cuento que la cintura sube un poco y la cola se ajusta apenas, como para seguir con ese corte tipo masculino pero darle una vueltita femenina que queda mejor.<\/p>\n<p style=\"font-weight: 300;\"><img alt=\"\" loading=\"lazy\" decoding=\"async\" class=\"alignnone size-full wp-image-60957\" src=\"http:\/\/www.cordobatimes.com\/showup\/wp-content\/uploads\/2018\/08\/5-3.jpg\" alt=\"\" width=\"591\" height=\"889\" srcset=\"https:\/\/www.cordobatimes.com\/showup\/wp-content\/uploads\/2018\/08\/5-3.jpg 591w, https:\/\/www.cordobatimes.com\/showup\/wp-content\/uploads\/2018\/08\/5-3-279x420.jpg 279w\" sizes=\"auto, (max-width: 591px) 100vw, 591px\" \/> <img alt=\"\" loading=\"lazy\" decoding=\"async\" class=\"alignnone size-full wp-image-60960\" src=\"http:\/\/www.cordobatimes.com\/showup\/wp-content\/uploads\/2018\/08\/6-2.jpg\" alt=\"\" width=\"591\" height=\"889\" srcset=\"https:\/\/www.cordobatimes.com\/showup\/wp-content\/uploads\/2018\/08\/6-2.jpg 591w, https:\/\/www.cordobatimes.com\/showup\/wp-content\/uploads\/2018\/08\/6-2-279x420.jpg 279w\" sizes=\"auto, (max-width: 591px) 100vw, 591px\" \/> <img alt=\"\" loading=\"lazy\" decoding=\"async\" class=\"alignnone size-full wp-image-60961\" src=\"http:\/\/www.cordobatimes.com\/showup\/wp-content\/uploads\/2018\/08\/7-2.jpg\" alt=\"\" width=\"591\" height=\"889\" srcset=\"https:\/\/www.cordobatimes.com\/showup\/wp-content\/uploads\/2018\/08\/7-2.jpg 591w, https:\/\/www.cordobatimes.com\/showup\/wp-content\/uploads\/2018\/08\/7-2-279x420.jpg 279w\" sizes=\"auto, (max-width: 591px) 100vw, 591px\" \/> <img alt=\"\" loading=\"lazy\" decoding=\"async\" class=\"alignnone size-full wp-image-60962\" src=\"http:\/\/www.cordobatimes.com\/showup\/wp-content\/uploads\/2018\/08\/8.jpg\" alt=\"\" width=\"591\" height=\"889\" srcset=\"https:\/\/www.cordobatimes.com\/showup\/wp-content\/uploads\/2018\/08\/8.jpg 591w, https:\/\/www.cordobatimes.com\/showup\/wp-content\/uploads\/2018\/08\/8-279x420.jpg 279w\" sizes=\"auto, (max-width: 591px) 100vw, 591px\" \/> <img alt=\"\" loading=\"lazy\" decoding=\"async\" class=\"alignnone size-full wp-image-60963\" src=\"http:\/\/www.cordobatimes.com\/showup\/wp-content\/uploads\/2018\/08\/9.jpg\" alt=\"\" width=\"591\" height=\"889\" srcset=\"https:\/\/www.cordobatimes.com\/showup\/wp-content\/uploads\/2018\/08\/9.jpg 591w, https:\/\/www.cordobatimes.com\/showup\/wp-content\/uploads\/2018\/08\/9-279x420.jpg 279w\" sizes=\"auto, (max-width: 591px) 100vw, 591px\" \/> <img alt=\"\" loading=\"lazy\" decoding=\"async\" class=\"alignnone size-full wp-image-60964\" src=\"http:\/\/www.cordobatimes.com\/showup\/wp-content\/uploads\/2018\/08\/10.jpg\" alt=\"\" width=\"591\" height=\"889\" srcset=\"https:\/\/www.cordobatimes.com\/showup\/wp-content\/uploads\/2018\/08\/10.jpg 591w, https:\/\/www.cordobatimes.com\/showup\/wp-content\/uploads\/2018\/08\/10-279x420.jpg 279w\" sizes=\"auto, (max-width: 591px) 100vw, 591px\" \/><\/p>\n<p>&nbsp;<\/p>\n","protected":false},"excerpt":{"rendered":"<p>Como todos los inicios de temporada, las propuestas de tendencia comienzan a \u00abaparecer\u00bb y siempre est\u00e1n en esa lista las adoradas prendas de denim. Por eso hoy nos enfocamos en eso y vamos a hablar de los jeans que se usar\u00e1n durante la pr\u00f3xima primavera-verano. Los cl\u00e1sicos de los noventa La d\u00e9cada de los 90\u2019s [&hellip;]<\/p>\n","protected":false},"author":1,"featured_media":60957,"comment_status":"closed","ping_status":"closed","sticky":false,"template":"","format":"standard","meta":{"_seopress_robots_primary_cat":"","_seopress_titles_title":"","_seopress_titles_desc":"","_seopress_robots_index":"","footnotes":""},"categories":[228],"tags":[22737,22734,234,22735,22736,11306,22733,22730,9368,22732,20148,22731],"class_list":{"0":"post-60956","1":"post","2":"type-post","3":"status-publish","4":"format-standard","5":"has-post-thumbnail","7":"category-moda-y-estilos","8":"tag-boyfriend-alto","9":"tag-con-bandas-laterales","10":"tag-destacada","11":"tag-el-crop-acampanado","12":"tag-el-recto","13":"tag-jean","14":"tag-los-clasicos-de-los-noventa","15":"tag-modelos-de-jean","16":"tag-primavera","17":"tag-primavera-2018","18":"tag-tendencias-2018","19":"tag-tendencias-de-jeans-2018"},"_links":{"self":[{"href":"https:\/\/www.cordobatimes.com\/showup\/wp-json\/wp\/v2\/posts\/60956","targetHints":{"allow":["GET"]}}],"collection":[{"href":"https:\/\/www.cordobatimes.com\/showup\/wp-json\/wp\/v2\/posts"}],"about":[{"href":"https:\/\/www.cordobatimes.com\/showup\/wp-json\/wp\/v2\/types\/post"}],"author":[{"embeddable":true,"href":"https:\/\/www.cordobatimes.com\/showup\/wp-json\/wp\/v2\/users\/1"}],"replies":[{"embeddable":true,"href":"https:\/\/www.cordobatimes.com\/showup\/wp-json\/wp\/v2\/comments?post=60956"}],"version-history":[{"count":0,"href":"https:\/\/www.cordobatimes.com\/showup\/wp-json\/wp\/v2\/posts\/60956\/revisions"}],"wp:featuredmedia":[{"embeddable":true,"href":"https:\/\/www.cordobatimes.com\/showup\/wp-json\/wp\/v2\/media\/60957"}],"wp:attachment":[{"href":"https:\/\/www.cordobatimes.com\/showup\/wp-json\/wp\/v2\/media?parent=60956"}],"wp:term":[{"taxonomy":"category","embeddable":true,"href":"https:\/\/www.cordobatimes.com\/showup\/wp-json\/wp\/v2\/categories?post=60956"},{"taxonomy":"post_tag","embeddable":true,"href":"https:\/\/www.cordobatimes.com\/showup\/wp-json\/wp\/v2\/tags?post=60956"}],"curies":[{"name":"wp","href":"https:\/\/api.w.org\/{rel}","templated":true}]}}