{"id":60938,"date":"2018-08-17T10:59:30","date_gmt":"2018-08-17T13:59:30","guid":{"rendered":"http:\/\/www.cordobatimes.com\/showup\/?p=60938"},"modified":"2019-03-13T19:40:16","modified_gmt":"2019-03-13T22:40:16","slug":"el-emotivo-corte-de-pelo-de-juani-para-transformarse-en-juan-en-100-dias-para-enamorarse","status":"publish","type":"post","link":"https:\/\/www.cordobatimes.com\/showup\/tv\/2018\/08\/17\/el-emotivo-corte-de-pelo-de-juani-para-transformarse-en-juan-en-100-dias-para-enamorarse\/","title":{"rendered":"El emotivo corte de pelo de Juani para transformarse en Juan en 100 d\u00edas para enamorarse"},"content":{"rendered":"<h3><strong>En un paso m\u00e1s en su decisi\u00f3n de cambiar de g\u00e9nero, el personaje encarnado por Maite Lanata protagoniz\u00f3 una emotiva escena.<\/strong><\/h3>\n<h3><strong>\u00a0<\/strong><\/h3>\n<div class=\"row\">\n<div class=\"col-xs-12 col-print-12\">\n<p><strong>La historia de la identidad de g\u00e9nero siempre tuvo una fuerte presencia en 100 d\u00edas para enamorarse, la ficci\u00f3n \u00e9xito de Telefe y Underground.<\/strong><\/p>\n<p>Y lo que empez\u00f3 primero como un conflicto interno en\u00a0Juani\u00a0(Maite Lanata), de a poco fue avanzando hasta llegar a concretar su sue\u00f1o de ser Juan.Acaso el paso m\u00e1s dif\u00edcil, el de verbalizar lo que le pasaba y comunicarlo a sus padres y compa\u00f1eros de escuela, ya lo hab\u00eda dado, pero a\u00fan restaban algunos pasos m\u00e1s.<\/p>\n<p>En el camino por terminar de concretar su deseo,\u00a0Juani\u00a0recibi\u00f3 una gran noticia con la confirmaci\u00f3n de que ya tiene su partida de nacimiento como var\u00f3n.Claro que el momento m\u00e1s emotivo fue cuando, acaso como un s\u00edmbolo del cambio, se cort\u00f3 el pelo para estar en sinton\u00eda con su decisi\u00f3n.<\/p>\n<p>Encerrado en su cuarto,\u00a0Juan\u00a0toma con decisi\u00f3n la tijera, pero se frena. Es ah\u00ed cuando llega\u00a0Antonia\u00a0(Nancy Dupl\u00e1a) y le pide que lo ayude.Y, mientras le empieza a cortar, aparece en el umbral de la puerta de su habitaci\u00f3n\u00a0Diego\u00a0(Luciano Castro), quien se suma al emotivo momento acompa\u00f1ando con una mirada llena de emoci\u00f3n.\u00bb\u00bfY, qu\u00e9 tal?\u00bb, les pregunta \u00e9l, con l\u00e1grimas en los ojos. \u00abMe copa\u00bb, le responde su mam\u00e1, con las mismas sensaciones.<\/p>\n<p><iframe loading=\"lazy\" src=\"https:\/\/www.youtube.com\/embed\/U7ZwlShpPp8\" width=\"560\" height=\"315\" frameborder=\"0\" allowfullscreen=\"allowfullscreen\"><\/iframe><\/p>\n","protected":false},"excerpt":{"rendered":"<p>En un paso m\u00e1s en su decisi\u00f3n de cambiar de g\u00e9nero, el personaje encarnado por Maite Lanata protagoniz\u00f3 una emotiva escena. \u00a0 La historia de la identidad de g\u00e9nero siempre tuvo una fuerte presencia en 100 d\u00edas para enamorarse, la ficci\u00f3n \u00e9xito de Telefe y Underground. Y lo que empez\u00f3 primero como un conflicto interno [&hellip;]<\/p>\n","protected":false},"author":1,"featured_media":60939,"comment_status":"closed","ping_status":"closed","sticky":false,"template":"","format":"standard","meta":{"_seopress_robots_primary_cat":"","_seopress_titles_title":"","_seopress_titles_desc":"","_seopress_robots_index":"","footnotes":""},"categories":[2],"tags":[22719,22716,22718,22717,934,22720,9056],"class_list":{"0":"post-60938","1":"post","2":"type-post","3":"status-publish","4":"format-standard","5":"has-post-thumbnail","7":"category-tv","8":"tag-100-dias-para-enamorarse","9":"tag-corte-de-pelo","10":"tag-juan","11":"tag-juani","12":"tag-luciano-castro","13":"tag-maite-lanata","14":"tag-nancy-duplaa"},"_links":{"self":[{"href":"https:\/\/www.cordobatimes.com\/showup\/wp-json\/wp\/v2\/posts\/60938","targetHints":{"allow":["GET"]}}],"collection":[{"href":"https:\/\/www.cordobatimes.com\/showup\/wp-json\/wp\/v2\/posts"}],"about":[{"href":"https:\/\/www.cordobatimes.com\/showup\/wp-json\/wp\/v2\/types\/post"}],"author":[{"embeddable":true,"href":"https:\/\/www.cordobatimes.com\/showup\/wp-json\/wp\/v2\/users\/1"}],"replies":[{"embeddable":true,"href":"https:\/\/www.cordobatimes.com\/showup\/wp-json\/wp\/v2\/comments?post=60938"}],"version-history":[{"count":0,"href":"https:\/\/www.cordobatimes.com\/showup\/wp-json\/wp\/v2\/posts\/60938\/revisions"}],"wp:featuredmedia":[{"embeddable":true,"href":"https:\/\/www.cordobatimes.com\/showup\/wp-json\/wp\/v2\/media\/60939"}],"wp:attachment":[{"href":"https:\/\/www.cordobatimes.com\/showup\/wp-json\/wp\/v2\/media?parent=60938"}],"wp:term":[{"taxonomy":"category","embeddable":true,"href":"https:\/\/www.cordobatimes.com\/showup\/wp-json\/wp\/v2\/categories?post=60938"},{"taxonomy":"post_tag","embeddable":true,"href":"https:\/\/www.cordobatimes.com\/showup\/wp-json\/wp\/v2\/tags?post=60938"}],"curies":[{"name":"wp","href":"https:\/\/api.w.org\/{rel}","templated":true}]}}