{"id":60833,"date":"2018-08-13T16:32:17","date_gmt":"2018-08-13T19:32:17","guid":{"rendered":"http:\/\/www.cordobatimes.com\/showup\/?p=60833"},"modified":"2018-08-13T16:33:16","modified_gmt":"2018-08-13T19:33:16","slug":"nuevamente-sobreseyeron-a-los-medicos-de-ricardo-fort","status":"publish","type":"post","link":"https:\/\/www.cordobatimes.com\/showup\/famosos\/2018\/08\/13\/nuevamente-sobreseyeron-a-los-medicos-de-ricardo-fort\/","title":{"rendered":"Nuevamente sobreseyeron a los m\u00e9dicos de Ricardo Fort"},"content":{"rendered":"<h3><strong>Gustavo Mart\u00ednez\u00a0\u00abPor favor d\u00e9jenlo descansar en paz y no hablen mas de \u00e9l\u00bb, pidi\u00f3.<\/strong><\/h3>\n<p>Por tercera vez, la Justicia sobresey\u00f3 a los m\u00e9dicos que atendieron a\u00a0Ricardo Fort\u00a0antes de su muerte. Recordemos que la familia del empresario\u00a0hab\u00eda iniciado acciones legales contra los diez profesionales\u00a0por \u00abmala praxis\u00bb en una batalla que lleva cuatro a\u00f1os.<\/p>\n<p>El encargado de dar la noticia fue Gustavo Mart\u00ednez, quien fuera pareja de Fort y ahora es el tutor legal de los hijos del chocolatero, Felipe y Marta. \u00abOtra vez sobreyeron a los m\u00e9dicos que atendieron a Ricardo Fort . Por favor d\u00e9jenlo descansar en paz y no hablen mas de \u00e9l . Les pido x sus hijos que lo dejen tranquilo. Yo me quedo y creo en la justicia divina!!!\u00bb, escribi\u00f3 Mart\u00ednez en su cuenta de Twitter.<\/p>\n<blockquote class=\"twitter-tweet\" data-lang=\"es\">\n<p dir=\"ltr\" lang=\"es\">Otra vez sobreyeron a los m\u00e9dicos que atendieron a Ricardo Fort . Por favor d\u00e9jenlo descansar en paz y no hablen mas de \u00e9l . Les pido x sus hijos que lo dejen tranquilo. Yo me quedo y creo en la justicia divina !!!<\/p>\n<p>\u2014 Gus martinez (@Gusmartinez9) <a href=\"https:\/\/twitter.com\/Gusmartinez9\/status\/1028812039857364992?ref_src=twsrc%5Etfw\">13 de agosto de 2018<\/a><\/p><\/blockquote>\n<p><script async src=\"https:\/\/platform.twitter.com\/widgets.js\" charset=\"utf-8\"><\/script><\/p>\n<p>Por su parte, el abogado de la familia Fort, Ignacio Irurz\u00fan, declar\u00f3 que tras leer esta documentaci\u00f3n, se encargar\u00e1 de hablar con la familia para decidir cu\u00e1les son los pasos que van seguir en esta causa. \u00abTengo tres d\u00edas para apelar y tomar una determinaci\u00f3n\u00bb, manifest\u00f3.<\/p>\n","protected":false},"excerpt":{"rendered":"<p>Gustavo Mart\u00ednez\u00a0\u00abPor favor d\u00e9jenlo descansar en paz y no hablen mas de \u00e9l\u00bb, pidi\u00f3. Por tercera vez, la Justicia sobresey\u00f3 a los m\u00e9dicos que atendieron a\u00a0Ricardo Fort\u00a0antes de su muerte. Recordemos que la familia del empresario\u00a0hab\u00eda iniciado acciones legales contra los diez profesionales\u00a0por \u00abmala praxis\u00bb en una batalla que lleva cuatro a\u00f1os. El encargado de [&hellip;]<\/p>\n","protected":false},"author":1,"featured_media":60834,"comment_status":"closed","ping_status":"closed","sticky":false,"template":"","format":"standard","meta":{"_seopress_robots_primary_cat":"","_seopress_titles_title":"","_seopress_titles_desc":"","_seopress_robots_index":"","footnotes":""},"categories":[4],"tags":[234,525,17458,17457,22635,482,22636,22637],"class_list":{"0":"post-60833","1":"post","2":"type-post","3":"status-publish","4":"format-standard","5":"has-post-thumbnail","7":"category-famosos","8":"tag-destacada","9":"tag-gustavo-martinez","10":"tag-mala-praxis","11":"tag-medicos","12":"tag-medicos-de-ricardo-fort","13":"tag-ricardo-fort","14":"tag-ricardo-fort-antes-de-su-muerte","15":"tag-sobreseyeron-a-los-medicos-de-ricardo-fort"},"_links":{"self":[{"href":"https:\/\/www.cordobatimes.com\/showup\/wp-json\/wp\/v2\/posts\/60833","targetHints":{"allow":["GET"]}}],"collection":[{"href":"https:\/\/www.cordobatimes.com\/showup\/wp-json\/wp\/v2\/posts"}],"about":[{"href":"https:\/\/www.cordobatimes.com\/showup\/wp-json\/wp\/v2\/types\/post"}],"author":[{"embeddable":true,"href":"https:\/\/www.cordobatimes.com\/showup\/wp-json\/wp\/v2\/users\/1"}],"replies":[{"embeddable":true,"href":"https:\/\/www.cordobatimes.com\/showup\/wp-json\/wp\/v2\/comments?post=60833"}],"version-history":[{"count":0,"href":"https:\/\/www.cordobatimes.com\/showup\/wp-json\/wp\/v2\/posts\/60833\/revisions"}],"wp:featuredmedia":[{"embeddable":true,"href":"https:\/\/www.cordobatimes.com\/showup\/wp-json\/wp\/v2\/media\/60834"}],"wp:attachment":[{"href":"https:\/\/www.cordobatimes.com\/showup\/wp-json\/wp\/v2\/media?parent=60833"}],"wp:term":[{"taxonomy":"category","embeddable":true,"href":"https:\/\/www.cordobatimes.com\/showup\/wp-json\/wp\/v2\/categories?post=60833"},{"taxonomy":"post_tag","embeddable":true,"href":"https:\/\/www.cordobatimes.com\/showup\/wp-json\/wp\/v2\/tags?post=60833"}],"curies":[{"name":"wp","href":"https:\/\/api.w.org\/{rel}","templated":true}]}}