{"id":60786,"date":"2018-07-26T12:11:46","date_gmt":"2018-07-26T15:11:46","guid":{"rendered":"http:\/\/www.cordobatimes.com\/showup\/?p=60786"},"modified":"2020-07-01T13:27:30","modified_gmt":"2020-07-01T16:27:30","slug":"the-walking-dead-tendra-una-villana-en-su-novena-temporada","status":"publish","type":"post","link":"https:\/\/www.cordobatimes.com\/showup\/cine-y-series\/2018\/07\/26\/the-walking-dead-tendra-una-villana-en-su-novena-temporada\/","title":{"rendered":"\u201cThe Walking Dead\u201d tendr\u00e1 una villana en su novena temporada"},"content":{"rendered":"<h3>\u00bf<strong>Qui\u00e9n ser\u00e1 la mala que har\u00e1 temblar a Rick Grimes y sus aliados?<\/strong><\/h3>\n<div>\n<div class=\"body\">\n<p>Samantha Morton\u00a0ser\u00e1 Alpha, la l\u00edder del grupo de Los Susurradores durante la novena temporada de\u00a0The Walking Dead. La nueva entrega estrena en Argentina el domingo 7 de octubre, la misma noche de su estreno en Estados Unidos.<\/p>\n<p>El creador de la serie, Robert Kirkman, dio a conocer la incorporaci\u00f3n de Morton durante la \u00faltima edici\u00f3n de San Diego Comic Con. A su vez, Angela Kang, showrunner de la serie, anunci\u00f3 que otros personajes del c\u00f3mic tambi\u00e9n ser\u00e1n parte de la nueva entrega, entre ellos, Earl (John Finn), Tammy (Brett Butler), Luke (Dan Fogler), Jed (Rhys Coiro) y Justin (Zach McGowan).<\/p>\n<p><img decoding=\"async\" class=\"image-landscape_565_318\" title=\"Foto: Prensa FOX\" src=\"http:\/\/staticvosf5b.lavozdelinterior.com.ar\/sites\/default\/files\/styles\/landscape_770_433\/public\/nota_periodistica\/1_546.jpg\" alt=\"\" width=\"100%\" height=\"auto\" \/><\/p>\n<p>Seg\u00fan los c\u00f3mics en los que se basa la serie, Los Susurradores que siguen a Alpha son de los m\u00e1s ecl\u00e9cticos grupos de adversarios de Rick Grimes y sus aliados. Sobreviven simulando ser walkers, vestidos con sangre, entra\u00f1as y piel de muerto. Pero a\u00fan m\u00e1s curiosa es su ideolog\u00eda: creen que el apocalipsis zombi es la manera correcta de dar paso a una evoluci\u00f3n en la sociedad y a la restauraci\u00f3n del orden natural de las cosas.<\/p>\n<p>Mir\u00e1 el tr\u00e1iler extendido de la novena temporada de\u00a0<strong>The Walking Dead<\/strong>\u00a0a continuaci\u00f3n.<\/p>\n<p><iframe loading=\"lazy\" class=\"ng-isolate-scope\" src=\"https:\/\/www.youtube.com\/embed\/8_CVshC9HSY\" width=\"788\" height=\"433\" frameborder=\"0\" data-mce-fragment=\"1\"><\/iframe><\/p>\n<\/div>\n<div class=\"ng-isolate-scope\">\n<ul class=\"user-share\">\n<li class=\"sfb ng-scope\">\n<div class=\"count face ng-binding ng-scope\">21<\/div>\n<div class=\"sprite-compartir sprite-facebook\"><\/div>\n<\/li>\n<li class=\"stw ng-scope\">\n<div class=\"sprite-compartir sprite-twitter\"><\/div>\n<\/li>\n<li class=\"sma ng-scope\">\n<div class=\"sprite-compartir sprite-mail\"><\/div>\n<\/li>\n<li class=\"sco ng-scope\">\n<div class=\"sprite-compartir sprite-comentarios\"><\/div>\n<\/li>\n<li class=\"srl ng-scope\">\n<div class=\"sprite-compartir sprite-bookmark\"><\/div>\n<\/li>\n<\/ul>\n<\/div>\n<div id=\"dfp-video_notas_parent\" class=\" dfp-banner banner\">\n<div id=\"dfp-video_notas\" data-google-query-id=\"CMX7uq2BvdwCFZOayAodkh0LRQ\">\n<div id=\"google_ads_iframe_6955764\/vos\/notas\/video_notas_0__container__\"><iframe loading=\"lazy\" id=\"google_ads_iframe_6955764\/vos\/notas\/video_notas_0\" title=\"3rd party ad content\" src=\"http:\/\/tpc.googlesyndication.com\/safeframe\/1-0-29\/html\/container.html\" name=\"\" width=\"640\" height=\"480\" frameborder=\"0\" marginwidth=\"0\" marginheight=\"0\" scrolling=\"no\" sandbox=\"allow-forms allow-pointer-lock allow-popups allow-popups-to-escape-sandbox allow-same-origin allow-scripts allow-top-navigation-by-user-activation\" data-is-safeframe=\"true\" data-mce-fragment=\"1\"><\/iframe><\/div>\n<\/div>\n<\/div>\n<\/div>\n<aside>\n<div id=\"dfp-rectangle_1_parent\" class=\" dfp-banner banner\">\n<div id=\"dfp-rectangle_1\" data-google-query-id=\"CM7ztq2BvdwCFdFBNwodw2kI6A\"><\/div>\n<\/div>\n<\/aside>\n","protected":false},"excerpt":{"rendered":"<p>\u00bfQui\u00e9n ser\u00e1 la mala que har\u00e1 temblar a Rick Grimes y sus aliados? Samantha Morton\u00a0ser\u00e1 Alpha, la l\u00edder del grupo de Los Susurradores durante la novena temporada de\u00a0The Walking Dead. La nueva entrega estrena en Argentina el domingo 7 de octubre, la misma noche de su estreno en Estados Unidos. El creador de la serie, [&hellip;]<\/p>\n","protected":false},"author":1,"featured_media":60787,"comment_status":"closed","ping_status":"closed","sticky":false,"template":"","format":"standard","meta":{"_seopress_robots_primary_cat":"","_seopress_titles_title":"","_seopress_titles_desc":"","_seopress_robots_index":"","footnotes":""},"categories":[3],"tags":[22619],"class_list":{"0":"post-60786","1":"post","2":"type-post","3":"status-publish","4":"format-standard","5":"has-post-thumbnail","7":"category-cine-y-series","8":"tag-novena-temporada-de-the-walking-dead"},"_links":{"self":[{"href":"https:\/\/www.cordobatimes.com\/showup\/wp-json\/wp\/v2\/posts\/60786","targetHints":{"allow":["GET"]}}],"collection":[{"href":"https:\/\/www.cordobatimes.com\/showup\/wp-json\/wp\/v2\/posts"}],"about":[{"href":"https:\/\/www.cordobatimes.com\/showup\/wp-json\/wp\/v2\/types\/post"}],"author":[{"embeddable":true,"href":"https:\/\/www.cordobatimes.com\/showup\/wp-json\/wp\/v2\/users\/1"}],"replies":[{"embeddable":true,"href":"https:\/\/www.cordobatimes.com\/showup\/wp-json\/wp\/v2\/comments?post=60786"}],"version-history":[{"count":0,"href":"https:\/\/www.cordobatimes.com\/showup\/wp-json\/wp\/v2\/posts\/60786\/revisions"}],"wp:featuredmedia":[{"embeddable":true,"href":"https:\/\/www.cordobatimes.com\/showup\/wp-json\/wp\/v2\/media\/60787"}],"wp:attachment":[{"href":"https:\/\/www.cordobatimes.com\/showup\/wp-json\/wp\/v2\/media?parent=60786"}],"wp:term":[{"taxonomy":"category","embeddable":true,"href":"https:\/\/www.cordobatimes.com\/showup\/wp-json\/wp\/v2\/categories?post=60786"},{"taxonomy":"post_tag","embeddable":true,"href":"https:\/\/www.cordobatimes.com\/showup\/wp-json\/wp\/v2\/tags?post=60786"}],"curies":[{"name":"wp","href":"https:\/\/api.w.org\/{rel}","templated":true}]}}