{"id":60766,"date":"2018-07-23T20:21:51","date_gmt":"2018-07-23T23:21:51","guid":{"rendered":"http:\/\/www.cordobatimes.com\/showup\/?p=60766"},"modified":"2020-07-01T13:44:55","modified_gmt":"2020-07-01T16:44:55","slug":"se-viene-la-primera-superheroina-trans-a-la-television","status":"publish","type":"post","link":"https:\/\/www.cordobatimes.com\/showup\/cine-y-series\/2018\/07\/23\/se-viene-la-primera-superheroina-trans-a-la-television\/","title":{"rendered":"Se viene la primera superhero\u00edna trans a la televisi\u00f3n"},"content":{"rendered":"<h3><strong>Seg\u00fan anunciaron en la Comic Con de San Diego, Nicole Maines, actriz transg\u00e9nero, participar\u00e1 de la cuarta temporada de\u00a0Supergirl.<\/strong><\/h3>\n<p>En la Comic Con de San Diego se hizo un anuncio que marcar\u00e1 un hito dentro de la historia de la televisi\u00f3n: la pantalla chica de Estados Unidos tendr\u00e1 su primera superhero\u00edna transg\u00e9nero, de la mano de Nicole Maines, actriz trans que se integrar\u00e1 al elenco de\u00a0Supergirl.<\/p>\n<p>Maines adem\u00e1s de ser actriz es activista. Form\u00f3 parte del documental de\u00a0HBO\u00a0\u00abThe Trans List\u00bb(\u201cLa lista trans\u201d) y tambi\u00e9n es parte del libro \u00abBecoming Nicole\u00bb (\u201cConvirtiendome en Nicole\u201d) escrito por Amy Elis Nutt.<\/p>\n<p>En esta cuarta nueva entrega de Supergirl, Nicole interpreta a Nia Nal, un personaje basado libremente en el de Nura Nal (tambi\u00e9n conocida como Dream Girl), que es parte del universo de c\u00f3mics de\u00a0DC.<\/p>\n<p>En un comunicado de prensa, se describi\u00f3 a Nia como \u00abuna joven trans de buen coraz\u00f3n que tiene el impulso de proteger a los dem\u00e1s\u00bb.<\/p>\n<p>Cabe destacar que la noticia de la contrataci\u00f3n de Maines para interpretar a Nia Nal llega el d\u00eda despu\u00e9s de la pol\u00e9mica generada alrededor de\u00a0Scarlett Johansson, quien tras ser elegida para interpretar a un hombre trans en la biograf\u00eda de Rupert Sanders, fue duramente criticada por la comunidad por lo cual\u00a0la actriz se abri\u00f3 del proyecto. \u00abA la luz de los recientes cuestionamientos \u00e9ticos planteados en torno a mi selecci\u00f3n como Dante &#8216;Tex&#8217; Gill, he decidido retirar respetuosamente mi participaci\u00f3n en el proyecto\u00bb, explic\u00f3 la actriz en un comunicado emitido a trav\u00e9s de la revista\u00a0Out. \u00abAunque me hubiera encantado la oportunidad de protagonizar esta historia y de mostrar la transici\u00f3n de Dante a una nueva vida, entiendo por qu\u00e9 muchos sienten que deber\u00eda ser retratado por una persona transg\u00e9nero, y estoy agradecida de que este debate, aunque controvertido, haya desencadenado en una discusi\u00f3n m\u00e1s amplia sobre la diversidad y la representaci\u00f3n en el cine\u00bb, escribi\u00f3 la actriz.<\/p>\n","protected":false},"excerpt":{"rendered":"<p>Seg\u00fan anunciaron en la Comic Con de San Diego, Nicole Maines, actriz transg\u00e9nero, participar\u00e1 de la cuarta temporada de\u00a0Supergirl. En la Comic Con de San Diego se hizo un anuncio que marcar\u00e1 un hito dentro de la historia de la televisi\u00f3n: la pantalla chica de Estados Unidos tendr\u00e1 su primera superhero\u00edna transg\u00e9nero, de la mano [&hellip;]<\/p>\n","protected":false},"author":1,"featured_media":60767,"comment_status":"closed","ping_status":"closed","sticky":false,"template":"","format":"standard","meta":{"_seopress_robots_primary_cat":"","_seopress_titles_title":"","_seopress_titles_desc":"","_seopress_robots_index":"","footnotes":""},"categories":[3],"tags":[22600,22597],"class_list":{"0":"post-60766","1":"post","2":"type-post","3":"status-publish","4":"format-standard","5":"has-post-thumbnail","7":"category-cine-y-series","8":"tag-actriz-transgenero","9":"tag-superheroina-trans"},"_links":{"self":[{"href":"https:\/\/www.cordobatimes.com\/showup\/wp-json\/wp\/v2\/posts\/60766","targetHints":{"allow":["GET"]}}],"collection":[{"href":"https:\/\/www.cordobatimes.com\/showup\/wp-json\/wp\/v2\/posts"}],"about":[{"href":"https:\/\/www.cordobatimes.com\/showup\/wp-json\/wp\/v2\/types\/post"}],"author":[{"embeddable":true,"href":"https:\/\/www.cordobatimes.com\/showup\/wp-json\/wp\/v2\/users\/1"}],"replies":[{"embeddable":true,"href":"https:\/\/www.cordobatimes.com\/showup\/wp-json\/wp\/v2\/comments?post=60766"}],"version-history":[{"count":0,"href":"https:\/\/www.cordobatimes.com\/showup\/wp-json\/wp\/v2\/posts\/60766\/revisions"}],"wp:featuredmedia":[{"embeddable":true,"href":"https:\/\/www.cordobatimes.com\/showup\/wp-json\/wp\/v2\/media\/60767"}],"wp:attachment":[{"href":"https:\/\/www.cordobatimes.com\/showup\/wp-json\/wp\/v2\/media?parent=60766"}],"wp:term":[{"taxonomy":"category","embeddable":true,"href":"https:\/\/www.cordobatimes.com\/showup\/wp-json\/wp\/v2\/categories?post=60766"},{"taxonomy":"post_tag","embeddable":true,"href":"https:\/\/www.cordobatimes.com\/showup\/wp-json\/wp\/v2\/tags?post=60766"}],"curies":[{"name":"wp","href":"https:\/\/api.w.org\/{rel}","templated":true}]}}