{"id":60756,"date":"2018-07-23T12:46:59","date_gmt":"2018-07-23T15:46:59","guid":{"rendered":"http:\/\/www.cordobatimes.com\/showup\/?p=60756"},"modified":"2020-07-01T16:29:49","modified_gmt":"2020-07-01T19:29:49","slug":"llega-una-nueva-version-de-buffy-la-cazavampiros","status":"publish","type":"post","link":"https:\/\/www.cordobatimes.com\/showup\/cine-y-series\/2018\/07\/23\/llega-una-nueva-version-de-buffy-la-cazavampiros\/","title":{"rendered":"Llega una nueva versi\u00f3n de \u201cBuffy, la cazavampiros\u201d"},"content":{"rendered":"<div class=\"teaser\">\n<h3><strong>Joss Whedon, el creador de la serie \u00e9xito de los 90, confirm\u00f3 que producir\u00e1 una nueva versi\u00f3n.<\/strong><\/h3>\n<\/div>\n<div class=\"body\">\n<p>Para los fan\u00e1ticos de los vampiros y de los noventa, esta es una excelente noticia. Se viene una nueva versi\u00f3n de la ic\u00f3nica serie de chupasangre \u201cBuffy, la cazavampiros\u201d.<\/p>\n<p>20th Century Fox Television\u00a0puso en manos de la guionista Monica Owusu-Breen el proyecto de la nueva versi\u00f3n de la serie de\u00a0Joss Whedon, protagonizada por\u00a0Sarah Michelle Gellar. Owusu-Breen se encargara de escribir la adaptaci\u00f3n y adem\u00e1s ser\u00e1 la showrunner de la serie.<\/p>\n<p>Este nuevo proyecto todav\u00eda no est\u00e1 en manos de ning\u00fan canal, pero se ha revelado que la protagonista ser\u00e1 una actriz negra que a\u00fan no se ha determinado. Adem\u00e1s, ser\u00e1 una serie ubicada temporalmente en la actualidad y mantendr\u00e1 la mitolog\u00eda de la original.<\/p>\n<div id=\"dfp-rectangle_2_parent\" class=\"inlineBanner\">\n<div><\/div>\n<\/div>\n<p>Asimismo, la serie se basar\u00e1 en problemas de la sociedad actual, de la misma manera que sucedida en los noventa.20th Century Fox Television\u00a0ofrecer\u00e1 el proyecto a diferentes cadenas de televisi\u00f3n por cable, as\u00ed como a diversas plataformas de streaming.<\/p>\n<p>Whedon no quedar\u00e1 exento del proyecto, sino que ejercer\u00e1 de productor ejecutivo y ha trabajado tambi\u00e9n en el gui\u00f3n.<\/p>\n<p>\u201cBuffy, cazavampiros\u201d fue una pel\u00edcula de 1992 protagonizada por Kristy Swanson y Luke Perry, que luego deriv\u00f3 en una serie de siete temporadas que fue emitida por\u00a0The WB Network (que luego se convirti\u00f3 en\u00a0The CW). Tras su cancelaci\u00f3n en 2003 continu\u00f3 en forma de comic.<\/p>\n<\/div>\n","protected":false},"excerpt":{"rendered":"<p>Joss Whedon, el creador de la serie \u00e9xito de los 90, confirm\u00f3 que producir\u00e1 una nueva versi\u00f3n. Para los fan\u00e1ticos de los vampiros y de los noventa, esta es una excelente noticia. Se viene una nueva versi\u00f3n de la ic\u00f3nica serie de chupasangre \u201cBuffy, la cazavampiros\u201d. 20th Century Fox Television\u00a0puso en manos de la guionista [&hellip;]<\/p>\n","protected":false},"author":1,"featured_media":60757,"comment_status":"closed","ping_status":"closed","sticky":false,"template":"","format":"standard","meta":{"_seopress_robots_primary_cat":"","_seopress_titles_title":"","_seopress_titles_desc":"","_seopress_robots_index":"","footnotes":""},"categories":[3],"tags":[22591],"class_list":{"0":"post-60756","1":"post","2":"type-post","3":"status-publish","4":"format-standard","5":"has-post-thumbnail","7":"category-cine-y-series","8":"tag-nueva-version-de-buffy-la-cazavampiros"},"_links":{"self":[{"href":"https:\/\/www.cordobatimes.com\/showup\/wp-json\/wp\/v2\/posts\/60756","targetHints":{"allow":["GET"]}}],"collection":[{"href":"https:\/\/www.cordobatimes.com\/showup\/wp-json\/wp\/v2\/posts"}],"about":[{"href":"https:\/\/www.cordobatimes.com\/showup\/wp-json\/wp\/v2\/types\/post"}],"author":[{"embeddable":true,"href":"https:\/\/www.cordobatimes.com\/showup\/wp-json\/wp\/v2\/users\/1"}],"replies":[{"embeddable":true,"href":"https:\/\/www.cordobatimes.com\/showup\/wp-json\/wp\/v2\/comments?post=60756"}],"version-history":[{"count":0,"href":"https:\/\/www.cordobatimes.com\/showup\/wp-json\/wp\/v2\/posts\/60756\/revisions"}],"wp:featuredmedia":[{"embeddable":true,"href":"https:\/\/www.cordobatimes.com\/showup\/wp-json\/wp\/v2\/media\/60757"}],"wp:attachment":[{"href":"https:\/\/www.cordobatimes.com\/showup\/wp-json\/wp\/v2\/media?parent=60756"}],"wp:term":[{"taxonomy":"category","embeddable":true,"href":"https:\/\/www.cordobatimes.com\/showup\/wp-json\/wp\/v2\/categories?post=60756"},{"taxonomy":"post_tag","embeddable":true,"href":"https:\/\/www.cordobatimes.com\/showup\/wp-json\/wp\/v2\/tags?post=60756"}],"curies":[{"name":"wp","href":"https:\/\/api.w.org\/{rel}","templated":true}]}}