{"id":60709,"date":"2018-07-18T10:30:43","date_gmt":"2018-07-18T13:30:43","guid":{"rendered":"http:\/\/www.cordobatimes.com\/showup\/?p=60709"},"modified":"2020-07-01T19:42:58","modified_gmt":"2020-07-01T22:42:58","slug":"mira-el-nuevo-trailer-de-bohemian-rhapsody-la-biopic-de-freddie-mercury","status":"publish","type":"post","link":"https:\/\/www.cordobatimes.com\/showup\/cine-y-series\/2018\/07\/18\/mira-el-nuevo-trailer-de-bohemian-rhapsody-la-biopic-de-freddie-mercury\/","title":{"rendered":"Mir\u00e1 el nuevo trailer de Bohemian Rhapsody, la biopic de Freddie Mercury"},"content":{"rendered":"<h3><strong>A cuatro meses del estreno del filme que cuenta la historia del l\u00edder de\u00a0Queen ,\u00a0el adelanto ya es furor.<\/strong><\/h3>\n<p>Los fan\u00e1ticos de\u00a0Freddie Mercury\u00a0y\u00a0Queen\u00a0se dieron una panzada en las \u00faltimas horas, ya que\u00a020th Century Fox\u00a0public\u00f3 un nuevo trailer de\u00a0Bohemian Rhapsody, la biopic del fallecido l\u00edder de la banda. A pura m\u00fasica y con una emotividad que eriza la piel, el gigante cinematogr\u00e1fico adelant\u00f3 las im\u00e1genes que inmortalizar\u00e1n a\u00a0Rami Malek\u00a0(37) como el m\u00edtico genio creativo, y que tiene estreno previsto para noviembre.<\/p>\n<p>En un breve lapso, el video se convirti\u00f3 en uno de los m\u00e1s reproducidos en\u00a0YouTube\u00a0y el furor se traslad\u00f3 al resto de las redes sociales. Con una exquisita combinaci\u00f3n de los hits de grupo brit\u00e1nico, tambi\u00e9n se aprecia la relaci\u00f3n que ten\u00edan los m\u00fasicos entre ellos y sus marcadas personalidades. As\u00ed,\u00a0Gwilyn Lee\u00a0se puso en la piel del guitarrista\u00a0Brian May,\u00a0Ben Hardy\u00a0hizo al baterista\u00a0Roger Taylor, y\u00a0Joseph Mazzello\u00a0interpret\u00f3 al bajista\u00a0John Deacon.<\/p>\n<p>Como si fuera poco,\u00a0Brian May, confes\u00f3 que ya vio la peli y afirm\u00f3 que \u00abFreddie la hubiese aprobado\u00bb. El film contar\u00e1 la vida de Mercury desde 1970, momento en que se uni\u00f3 a May y Taylor, hasta que el hist\u00f3rico show en\u00a0Live Aid\u00a0de 1985, seis a\u00f1os antes de que\u00a0Freddy Mercury\u00a0muriera de HIV a sus 45 a\u00f1os.<\/p>\n<p><iframe loading=\"lazy\" src=\"https:\/\/www.youtube.com\/embed\/01Sn153r9RY\" width=\"560\" height=\"315\" frameborder=\"0\" allowfullscreen=\"allowfullscreen\"><\/iframe><\/p>\n","protected":false},"excerpt":{"rendered":"<p>A cuatro meses del estreno del filme que cuenta la historia del l\u00edder de\u00a0Queen ,\u00a0el adelanto ya es furor. Los fan\u00e1ticos de\u00a0Freddie Mercury\u00a0y\u00a0Queen\u00a0se dieron una panzada en las \u00faltimas horas, ya que\u00a020th Century Fox\u00a0public\u00f3 un nuevo trailer de\u00a0Bohemian Rhapsody, la biopic del fallecido l\u00edder de la banda. A pura m\u00fasica y con una emotividad que [&hellip;]<\/p>\n","protected":false},"author":1,"featured_media":60710,"comment_status":"closed","ping_status":"closed","sticky":false,"template":"","format":"standard","meta":{"_seopress_robots_primary_cat":"","_seopress_titles_title":"","_seopress_titles_desc":"","_seopress_robots_index":"","footnotes":""},"categories":[3],"tags":[22557,21832],"class_list":{"0":"post-60709","1":"post","2":"type-post","3":"status-publish","4":"format-standard","5":"has-post-thumbnail","7":"category-cine-y-series","8":"tag-biopic-de-freddie-mercury","9":"tag-trailer-de-bohemian-rhapsody"},"_links":{"self":[{"href":"https:\/\/www.cordobatimes.com\/showup\/wp-json\/wp\/v2\/posts\/60709","targetHints":{"allow":["GET"]}}],"collection":[{"href":"https:\/\/www.cordobatimes.com\/showup\/wp-json\/wp\/v2\/posts"}],"about":[{"href":"https:\/\/www.cordobatimes.com\/showup\/wp-json\/wp\/v2\/types\/post"}],"author":[{"embeddable":true,"href":"https:\/\/www.cordobatimes.com\/showup\/wp-json\/wp\/v2\/users\/1"}],"replies":[{"embeddable":true,"href":"https:\/\/www.cordobatimes.com\/showup\/wp-json\/wp\/v2\/comments?post=60709"}],"version-history":[{"count":0,"href":"https:\/\/www.cordobatimes.com\/showup\/wp-json\/wp\/v2\/posts\/60709\/revisions"}],"wp:featuredmedia":[{"embeddable":true,"href":"https:\/\/www.cordobatimes.com\/showup\/wp-json\/wp\/v2\/media\/60710"}],"wp:attachment":[{"href":"https:\/\/www.cordobatimes.com\/showup\/wp-json\/wp\/v2\/media?parent=60709"}],"wp:term":[{"taxonomy":"category","embeddable":true,"href":"https:\/\/www.cordobatimes.com\/showup\/wp-json\/wp\/v2\/categories?post=60709"},{"taxonomy":"post_tag","embeddable":true,"href":"https:\/\/www.cordobatimes.com\/showup\/wp-json\/wp\/v2\/tags?post=60709"}],"curies":[{"name":"wp","href":"https:\/\/api.w.org\/{rel}","templated":true}]}}