{"id":60670,"date":"2018-07-12T18:00:01","date_gmt":"2018-07-12T21:00:01","guid":{"rendered":"http:\/\/www.cordobatimes.com\/showup\/?p=60670"},"modified":"2018-07-12T16:58:38","modified_gmt":"2018-07-12T19:58:38","slug":"ya-tiene-fecha-de-lanzamiento-el-nuevo-disco-del-indio-solari","status":"publish","type":"post","link":"https:\/\/www.cordobatimes.com\/showup\/musica\/2018\/07\/12\/ya-tiene-fecha-de-lanzamiento-el-nuevo-disco-del-indio-solari\/","title":{"rendered":"Ya tiene fecha de lanzamiento el nuevo disco del Indio Solari"},"content":{"rendered":"<h3><strong>El inminente trabajo del exl\u00edder de Los Redondos, ver\u00e1 la luz en los pr\u00f3ximos d\u00edas.<\/strong><\/h3>\n<p>Finalmente se conoce la fecha en que saldr\u00e1 el nuevo trabajo de\u00a0Carlos \u00abIndio\u00bb Solari: la fecha estipulada para que el disco llegue a las bateas es el 27 de julio.<\/p>\n<p>La informaci\u00f3n fue confirmada por Marcelo Figueras, amigo y bi\u00f3grafo de Solari, quien us\u00f3 su cuenta de Twitter para informar la fecha, luego de que se filtrara un comunicado de la distribuidora DBN.<\/p>\n<blockquote class=\"twitter-tweet\" data-lang=\"es\">\n<p dir=\"ltr\" lang=\"es\">EL SOL DEL 27 VIENE ASOMANDO<\/p>\n<p>No lo dije antes, porque no lo sab\u00eda a ciencia cierta. (Ni el Indio lo sab\u00eda. Ayer mismo se concentraba en la autobiograf\u00eda y en m\u00faltiples tracks que formar\u00edan la base de OTRO disco, y no estaba al tanto de los procedimientos ni fechas industriales. <a href=\"https:\/\/t.co\/m6SUEtoK31\">pic.twitter.com\/m6SUEtoK31<\/a><\/p>\n<p>\u2014 Marcelo Figueras (@MarceloFigueras) <a href=\"https:\/\/twitter.com\/MarceloFigueras\/status\/1017433478386896897?ref_src=twsrc%5Etfw\">12 de julio de 2018<\/a><\/p><\/blockquote>\n<p><script async src=\"https:\/\/platform.twitter.com\/widgets.js\" charset=\"utf-8\"><\/script><\/p>\n<p>El \u00e1lbum, como ya se sab\u00eda, llevar\u00e1 por t\u00edtulo El ruise\u00f1or y la rosa, y ya se conocen dos de sus canciones, que hab\u00edan sido difundidas d\u00edas atr\u00e1s en Big Bang, el programa radial que conduce Figueras en FM La Patriada. Se trata de Strangerdanger y El martillo de las brujas.<\/p>\n<p><iframe loading=\"lazy\" src=\"https:\/\/www.youtube.com\/embed\/t5_sjnihPf4\" width=\"560\" height=\"315\" frameborder=\"0\" allowfullscreen=\"allowfullscreen\"><\/iframe><\/p>\n<p><iframe loading=\"lazy\" src=\"https:\/\/www.youtube.com\/embed\/wwtnlpEqR_k\" width=\"560\" height=\"315\" frameborder=\"0\" allowfullscreen=\"allowfullscreen\"><\/iframe><\/p>\n","protected":false},"excerpt":{"rendered":"<p>El inminente trabajo del exl\u00edder de Los Redondos, ver\u00e1 la luz en los pr\u00f3ximos d\u00edas. Finalmente se conoce la fecha en que saldr\u00e1 el nuevo trabajo de\u00a0Carlos \u00abIndio\u00bb Solari: la fecha estipulada para que el disco llegue a las bateas es el 27 de julio. La informaci\u00f3n fue confirmada por Marcelo Figueras, amigo y bi\u00f3grafo [&hellip;]<\/p>\n","protected":false},"author":1,"featured_media":60671,"comment_status":"closed","ping_status":"closed","sticky":false,"template":"","format":"standard","meta":{"_seopress_robots_primary_cat":"","_seopress_titles_title":"","_seopress_titles_desc":"","_seopress_robots_index":"","footnotes":""},"categories":[5],"tags":[605,22383,22381,3039,21054,22382],"class_list":{"0":"post-60670","1":"post","2":"type-post","3":"status-publish","4":"format-standard","5":"has-post-thumbnail","7":"category-musica","8":"tag-carlos-indio-solari","9":"tag-el-martillo-de-las-brujas","10":"tag-el-ruisenor-y-la-rosa","11":"tag-indio-solari","12":"tag-nuevo-disco-del-indio-solari","13":"tag-strangerdanger"},"_links":{"self":[{"href":"https:\/\/www.cordobatimes.com\/showup\/wp-json\/wp\/v2\/posts\/60670","targetHints":{"allow":["GET"]}}],"collection":[{"href":"https:\/\/www.cordobatimes.com\/showup\/wp-json\/wp\/v2\/posts"}],"about":[{"href":"https:\/\/www.cordobatimes.com\/showup\/wp-json\/wp\/v2\/types\/post"}],"author":[{"embeddable":true,"href":"https:\/\/www.cordobatimes.com\/showup\/wp-json\/wp\/v2\/users\/1"}],"replies":[{"embeddable":true,"href":"https:\/\/www.cordobatimes.com\/showup\/wp-json\/wp\/v2\/comments?post=60670"}],"version-history":[{"count":0,"href":"https:\/\/www.cordobatimes.com\/showup\/wp-json\/wp\/v2\/posts\/60670\/revisions"}],"wp:featuredmedia":[{"embeddable":true,"href":"https:\/\/www.cordobatimes.com\/showup\/wp-json\/wp\/v2\/media\/60671"}],"wp:attachment":[{"href":"https:\/\/www.cordobatimes.com\/showup\/wp-json\/wp\/v2\/media?parent=60670"}],"wp:term":[{"taxonomy":"category","embeddable":true,"href":"https:\/\/www.cordobatimes.com\/showup\/wp-json\/wp\/v2\/categories?post=60670"},{"taxonomy":"post_tag","embeddable":true,"href":"https:\/\/www.cordobatimes.com\/showup\/wp-json\/wp\/v2\/tags?post=60670"}],"curies":[{"name":"wp","href":"https:\/\/api.w.org\/{rel}","templated":true}]}}