{"id":60575,"date":"2018-07-05T11:09:42","date_gmt":"2018-07-05T14:09:42","guid":{"rendered":"http:\/\/www.cordobatimes.com\/showup\/?p=60575"},"modified":"2018-07-05T11:20:45","modified_gmt":"2018-07-05T14:20:45","slug":"confirmado-oriana-sabatini-y-paulo-dybala-estan-juntos","status":"publish","type":"post","link":"https:\/\/www.cordobatimes.com\/showup\/famosos\/2018\/07\/05\/confirmado-oriana-sabatini-y-paulo-dybala-estan-juntos\/","title":{"rendered":"Confirmado Oriana Sabatini y Paulo Dybala est\u00e1n juntos"},"content":{"rendered":"<h3><strong>\u00c1ngel de Brito\u00a0<\/strong>le\u00a0puso fin al rumor\u00a0 y confirm\u00f3 con detalles el incipiente noviazgo de la actriz con el futbolista.<\/h3>\n<p>En junio del a\u00f1o pasado los tres a\u00f1os de amor entre\u00a0Oriana Sabatini\u00a0 y\u00a0Juli\u00e1n Serrano\u00a0 llegaron\u00a0a su final.<\/p>\n<p>Cada uno por su lado, r\u00e1pidamente el joven actor de Paran\u00e1 fue unido sentimentalmente con su entonces compa\u00f1era de novela,\u00a0Malena\u00a0Narvay\u00a0(hoy su novia), y la bella actriz y cantante fue vinculada\u00a0al futbolista Paulo\u00a0Dybala. Sin embargo, ella se ocup\u00f3 de desmentir los rumores&#8230; tibiamente.<\/p>\n<blockquote class=\"twitter-tweet\" data-lang=\"es\">\n<p dir=\"ltr\" lang=\"es\">10:30 <a href=\"https:\/\/twitter.com\/LosAngeles_ok?ref_src=twsrc%5Etfw\">@LosAngeles_ok<\/a> romance confirmado: <a href=\"https:\/\/twitter.com\/orisabatini?ref_src=twsrc%5Etfw\">@orisabatini<\/a> y <a href=\"https:\/\/twitter.com\/PauDybala_JR?ref_src=twsrc%5Etfw\">@PauDybala_JR<\/a> <a href=\"https:\/\/twitter.com\/hashtag\/BuenJueves?\nsrc=hash&amp;ref_src=twsrc%5Etfw\">#BuenJueves<\/a> <a href=\"https:\/\/t.co\/hJu9mlcKKM\">pic.twitter.com\/hJu9mlcKKM<\/a><\/p>\n<p>\u2014 ANGEL (@AngeldebritoOk) <a href=\"https:\/\/twitter.com\/AngeldebritoOk\/status\/1014713050736332802?ref_src=twsrc%5Etfw\">5 de julio de 2018<\/a><\/p><\/blockquote>\n<p><img alt=\"\" loading=\"lazy\" decoding=\"async\" class=\"alignnone size-full wp-image-60577\" src=\"http:\/\/www.cordobatimes.com\/showup\/wp-content\/uploads\/2018\/07\/ori2.jpg\" alt=\"\" width=\"580\" height=\"827\" srcset=\"https:\/\/www.cordobatimes.com\/showup\/wp-content\/uploads\/2018\/07\/ori2.jpg 580w, https:\/\/www.cordobatimes.com\/showup\/wp-content\/uploads\/2018\/07\/ori2-295x420.jpg 295w\" sizes=\"auto, (max-width: 580px) 100vw, 580px\" \/> <img alt=\"\" loading=\"lazy\" decoding=\"async\" class=\"alignnone size-full wp-image-60578\" src=\"http:\/\/www.cordobatimes.com\/showup\/wp-content\/uploads\/2018\/07\/ori3_0.jpg\" alt=\"\" width=\"580\" height=\"824\" srcset=\"https:\/\/www.cordobatimes.com\/showup\/wp-content\/uploads\/2018\/07\/ori3_0.jpg 580w, https:\/\/www.cordobatimes.com\/showup\/wp-content\/uploads\/2018\/07\/ori3_0-296x420.jpg 296w\" sizes=\"auto, (max-width: 580px) 100vw, 580px\" \/> <img alt=\"\" loading=\"lazy\" decoding=\"async\" class=\"alignnone size-full wp-image-60579\" src=\"http:\/\/www.cordobatimes.com\/showup\/wp-content\/uploads\/2018\/07\/oriana1_1.jpg\" alt=\"\" width=\"580\" height=\"777\" srcset=\"https:\/\/www.cordobatimes.com\/showup\/wp-content\/uploads\/2018\/07\/oriana1_1.jpg 580w, https:\/\/www.cordobatimes.com\/showup\/wp-content\/uploads\/2018\/07\/oriana1_1-314x420.jpg 314w\" sizes=\"auto, (max-width: 580px) 100vw, 580px\" \/><\/p>\n","protected":false},"excerpt":{"rendered":"<p>\u00c1ngel de Brito\u00a0le\u00a0puso fin al rumor\u00a0 y confirm\u00f3 con detalles el incipiente noviazgo de la actriz con el futbolista. En junio del a\u00f1o pasado los tres a\u00f1os de amor entre\u00a0Oriana Sabatini\u00a0 y\u00a0Juli\u00e1n Serrano\u00a0 llegaron\u00a0a su final. Cada uno por su lado, r\u00e1pidamente el joven actor de Paran\u00e1 fue unido sentimentalmente con su entonces compa\u00f1era de [&hellip;]<\/p>\n","protected":false},"author":1,"featured_media":60581,"comment_status":"closed","ping_status":"closed","sticky":false,"template":"","format":"standard","meta":{"_seopress_robots_primary_cat":"","_seopress_titles_title":"","_seopress_titles_desc":"","_seopress_robots_index":"","footnotes":""},"categories":[4],"tags":[655,22435,22437,22436],"class_list":{"0":"post-60575","1":"post","2":"type-post","3":"status-publish","4":"format-standard","5":"has-post-thumbnail","7":"category-famosos","8":"tag-oriana-sabatini","9":"tag-oriana-sabatini-y-paulo-dybala","10":"tag-oriana-sabatini-y-paulo-dybala-novios","11":"tag-paulo-dybala"},"_links":{"self":[{"href":"https:\/\/www.cordobatimes.com\/showup\/wp-json\/wp\/v2\/posts\/60575","targetHints":{"allow":["GET"]}}],"collection":[{"href":"https:\/\/www.cordobatimes.com\/showup\/wp-json\/wp\/v2\/posts"}],"about":[{"href":"https:\/\/www.cordobatimes.com\/showup\/wp-json\/wp\/v2\/types\/post"}],"author":[{"embeddable":true,"href":"https:\/\/www.cordobatimes.com\/showup\/wp-json\/wp\/v2\/users\/1"}],"replies":[{"embeddable":true,"href":"https:\/\/www.cordobatimes.com\/showup\/wp-json\/wp\/v2\/comments?post=60575"}],"version-history":[{"count":0,"href":"https:\/\/www.cordobatimes.com\/showup\/wp-json\/wp\/v2\/posts\/60575\/revisions"}],"wp:featuredmedia":[{"embeddable":true,"href":"https:\/\/www.cordobatimes.com\/showup\/wp-json\/wp\/v2\/media\/60581"}],"wp:attachment":[{"href":"https:\/\/www.cordobatimes.com\/showup\/wp-json\/wp\/v2\/media?parent=60575"}],"wp:term":[{"taxonomy":"category","embeddable":true,"href":"https:\/\/www.cordobatimes.com\/showup\/wp-json\/wp\/v2\/categories?post=60575"},{"taxonomy":"post_tag","embeddable":true,"href":"https:\/\/www.cordobatimes.com\/showup\/wp-json\/wp\/v2\/tags?post=60575"}],"curies":[{"name":"wp","href":"https:\/\/api.w.org\/{rel}","templated":true}]}}