{"id":60565,"date":"2018-07-04T16:31:21","date_gmt":"2018-07-04T19:31:21","guid":{"rendered":"http:\/\/www.cordobatimes.com\/showup\/?p=60565"},"modified":"2018-07-04T16:31:21","modified_gmt":"2018-07-04T19:31:21","slug":"netflix-corta-usuarios-simultaneos-en-europa-y-sube-sus-precios-que-pasara-en-argentina","status":"publish","type":"post","link":"https:\/\/www.cordobatimes.com\/showup\/tv\/2018\/07\/04\/netflix-corta-usuarios-simultaneos-en-europa-y-sube-sus-precios-que-pasara-en-argentina\/","title":{"rendered":"Netflix corta usuarios simult\u00e1neos en Europa y sube sus precios \u00bfqu\u00e9 pasar\u00e1 en Argentina?"},"content":{"rendered":"<p><strong>\u00bfQu\u00e9 pasar\u00e1 en Am\u00e9rica Latina?<\/strong><\/p>\n<p>Hace algunos d\u00edas comenzaron a circular reportes de que\u00a0Netflix\u00a0hab\u00eda llegado al l\u00edmite de su crecimiento comercial, y la compa\u00f1\u00eda no ha dicho nada al respecto. Pero su m\u00e1s reciente movimiento en Europa sugiere que han encontrado la manera de seguir sacando dinero a sus clientes.<\/p>\n<p>Netflix cambi\u00f3 sus planes de contrataci\u00f3n. Agregando un nuevo plan de suscripci\u00f3n llamado Ultra. El cu\u00e1l por EUR \u20ac16,99 al mes permite acceso a cuatro cuentas simult\u00e1neas y ver contenidos en HDR.<\/p>\n<p>Hasta aqu\u00ed todo suena bien. Pero lo que notaron tambi\u00e9n es que todos los dem\u00e1s planes previos permanecieron con el mismo precio y perdieron varios privilegios. Principalmente los suscriptores est\u00e1ndar que ahora no podr\u00e1n tener a dos usuarios al mismo tiempo.<\/p>\n<p>Otros medios europeos reaccionaron a esta novedad. Para comprobar que en sus propios pa\u00edses tambi\u00e9n se agreg\u00f3 el plan Ultra y perdieron algunos derechos. Aunque no igual que en Italia. Aqu\u00ed ambas tablas:<\/p>\n<h3><strong>Am\u00e9rica Latina se salva, por ahora<\/strong><\/h3>\n<p>Si se repite el mismo patr\u00f3n que en otras ocasiones. S\u00f3lo ser\u00eda cuesti\u00f3n de tiempo para que estos cambios lleguen a otros mercados como Am\u00e9rica Latina.<br \/>\nDonde los clientes est\u00e1ndar podr\u00edan perder la posibilidad de tener a dos usuarios simult\u00e1neos. Por lo pronto para el caso de M\u00e9xico el plan Ultra sigue ausente<\/p>\n","protected":false},"excerpt":{"rendered":"<p>\u00bfQu\u00e9 pasar\u00e1 en Am\u00e9rica Latina? Hace algunos d\u00edas comenzaron a circular reportes de que\u00a0Netflix\u00a0hab\u00eda llegado al l\u00edmite de su crecimiento comercial, y la compa\u00f1\u00eda no ha dicho nada al respecto. Pero su m\u00e1s reciente movimiento en Europa sugiere que han encontrado la manera de seguir sacando dinero a sus clientes. Netflix cambi\u00f3 sus planes de [&hellip;]<\/p>\n","protected":false},"author":1,"featured_media":60566,"comment_status":"closed","ping_status":"closed","sticky":false,"template":"","format":"standard","meta":{"_seopress_robots_primary_cat":"","_seopress_titles_title":"","_seopress_titles_desc":"","_seopress_robots_index":"","footnotes":""},"categories":[2],"tags":[3882,22426,22428,22427],"class_list":{"0":"post-60565","1":"post","2":"type-post","3":"status-publish","4":"format-standard","5":"has-post-thumbnail","7":"category-tv","8":"tag-netflix","9":"tag-netflix-corta-usuarios-simultaneos","10":"tag-netflix-sube-los-precios","11":"tag-usuarios-simultaneos"},"_links":{"self":[{"href":"https:\/\/www.cordobatimes.com\/showup\/wp-json\/wp\/v2\/posts\/60565","targetHints":{"allow":["GET"]}}],"collection":[{"href":"https:\/\/www.cordobatimes.com\/showup\/wp-json\/wp\/v2\/posts"}],"about":[{"href":"https:\/\/www.cordobatimes.com\/showup\/wp-json\/wp\/v2\/types\/post"}],"author":[{"embeddable":true,"href":"https:\/\/www.cordobatimes.com\/showup\/wp-json\/wp\/v2\/users\/1"}],"replies":[{"embeddable":true,"href":"https:\/\/www.cordobatimes.com\/showup\/wp-json\/wp\/v2\/comments?post=60565"}],"version-history":[{"count":0,"href":"https:\/\/www.cordobatimes.com\/showup\/wp-json\/wp\/v2\/posts\/60565\/revisions"}],"wp:featuredmedia":[{"embeddable":true,"href":"https:\/\/www.cordobatimes.com\/showup\/wp-json\/wp\/v2\/media\/60566"}],"wp:attachment":[{"href":"https:\/\/www.cordobatimes.com\/showup\/wp-json\/wp\/v2\/media?parent=60565"}],"wp:term":[{"taxonomy":"category","embeddable":true,"href":"https:\/\/www.cordobatimes.com\/showup\/wp-json\/wp\/v2\/categories?post=60565"},{"taxonomy":"post_tag","embeddable":true,"href":"https:\/\/www.cordobatimes.com\/showup\/wp-json\/wp\/v2\/tags?post=60565"}],"curies":[{"name":"wp","href":"https:\/\/api.w.org\/{rel}","templated":true}]}}