{"id":60550,"date":"2018-07-03T11:51:42","date_gmt":"2018-07-03T14:51:42","guid":{"rendered":"http:\/\/www.cordobatimes.com\/showup\/?p=60550"},"modified":"2018-07-03T11:52:20","modified_gmt":"2018-07-03T14:52:20","slug":"una-mujer-trans-participara-en-miss-universo-por-primera-vez","status":"publish","type":"post","link":"https:\/\/www.cordobatimes.com\/showup\/moda-y-estilos\/2018\/07\/03\/una-mujer-trans-participara-en-miss-universo-por-primera-vez\/","title":{"rendered":"Una mujer trans participar\u00e1 en Miss Universo por primera vez"},"content":{"rendered":"<h3>\u00a0<strong>\u00abA m\u00ed no me hizo mujer la operaci\u00f3n, siempre fui una\u00bb.<\/strong><\/h3>\n<p>Por primera vez en la historia de\u00a0Miss Universo, una mujer transexual podr\u00e1 participar del concurso de belleza mundial. Se trata de la modelo\u00a0\u00c1ngela Ponce,de 26 a\u00f1os, quien representa a Espa\u00f1a.<\/p>\n<p>\u00abEstoy contenta por m\u00ed y por lo que este triunfo significa\u00bb, dijo la mujer cuando se coron\u00f3 en el pa\u00eds ib\u00e9rico.<\/p>\n<blockquote class=\"instagram-media\" style=\"background: #FFF; border: 0; border-radius: 3px; box-shadow: 0 0 1px 0 rgba(0,0,0,0.5),0 1px 10px 0 rgba(0,0,0,0.15); margin: 1px; max-width: 658px; padding: 0; width: calc(100% - 2px);\" data-instgrm-captioned=\"\" data-instgrm-permalink=\"https:\/\/www.instagram.com\/p\/Bkk7rmdBWob\/\" data-instgrm-version=\"8\">\n<div style=\"padding: 8px;\">\n<div style=\"background: #F8F8F8; line-height: 0; margin-top: 40px; padding: 62.5% 0; text-align: center; width: 100%;\">\n<div style=\"background: url(data:image\/png; base64,ivborw0kggoaaaansuheugaaacwaaaascamaaaapwqozaaaabgdbtueaalgpc\/xhbqaaaafzukdcak7ohokaaaamuexurczmzpf399fx1+bm5mzy9amaaadisurbvdjlvzxbesmgces5\/p8\/t9furvcrmu73jwlzosgsiizurcjo\/ad+eqjjb4hv8bft+idpqocx1wjosbfhh2xssxeiyn3uli\/6mnree07uiwjev8ueowds88ly97kqytlijkktuybbruayvh5wohixmpi5we58ek028czwyuqdlkpg1bkb4nnm+veanfhqn1k4+gpt6ugqcvu2h2ovuif\/gwufyy8owepdyzsa3avcqpvovvzzz2vtnn2wu8qzvjddeto90gsy9mvlqtgysy231mxry6i2ggqjrty0l8fxcxfcbbhwrsyyaaaaaelftksuqmcc); display: block; height: 44px; margin: 0 auto -44px; position: relative; top: -22px; width: 44px;\"><\/div>\n<\/div>\n<p style=\"margin: 8px 0 0 0; padding: 0 4px;\"><a style=\"color: #000; font-family: Arial,sans-serif; font-size: 14px; font-style: normal; font-weight: normal; line-height: 17px; text-decoration: none; word-wrap: break-word;\" href=\"https:\/\/www.instagram.com\/p\/Bkk7rmdBWob\/\" target=\"_blank\" rel=\"noopener\">Si realmente amas la naturaleza encontrar\u00e1s belleza y diversidad en todas partes. . #natura #diversity #beautypageant #shooting #beauty #soybemiss #somosmasdeloqueves #missuniversespain2018 #instamoment @orgbemiss<\/a><\/p>\n<p style=\"color: #c9c8cd; font-family: Arial,sans-serif; font-size: 14px; line-height: 17px; margin-bottom: 0; margin-top: 8px; overflow: hidden; padding: 8px 0 7px; text-align: center; text-overflow: ellipsis; white-space: nowrap;\">Una publicaci\u00f3n compartida de <a style=\"color: #c9c8cd; font-family: Arial,sans-serif; font-size: 14px; font-style: normal; font-weight: normal; line-height: 17px;\" href=\"https:\/\/www.instagram.com\/angelaponceofficial\/\" target=\"_blank\" rel=\"noopener\"> ANGELA PONCE<\/a> (@angelaponceofficial) el <time style=\"font-family: Arial,sans-serif; font-size: 14px; line-height: 17px;\" datetime=\"2018-06-28T17:40:36+00:00\">28 Jun, 2018 a las 10:40 PDT<\/time><\/p>\n<\/div>\n<\/blockquote>\n<p><script async defer src=\"\/\/www.instagram.com\/embed.js\"><\/script><\/p>\n<p>Ponce se convirti\u00f3 en mujer en abril de 2014. Sus medidas son 90-61-90, mide 1,77 metros de alto y tiene ojos azules. En esta ocasi\u00f3n, pudo cumplir su sue\u00f1o tras vencer a otras 20 aspirantes. Su historia es como la de muchas otras chicas trans que, despu\u00e9s de a\u00f1os de no sentirse identificada con el sexo con el que naci\u00f3, decidi\u00f3 hacerse los tratamientos hormonales y una vaginoplastia en la adolescencia.<\/p>\n<blockquote class=\"instagram-media\" style=\"background: #FFF; border: 0; border-radius: 3px; box-shadow: 0 0 1px 0 rgba(0,0,0,0.5),0 1px 10px 0 rgba(0,0,0,0.15); margin: 1px; max-width: 658px; padding: 0; width: calc(100% - 2px);\" data-instgrm-captioned=\"\" data-instgrm-permalink=\"https:\/\/www.instagram.com\/p\/BkvhE5chlAS\/\" data-instgrm-version=\"8\">\n<div style=\"padding: 8px;\">\n<div style=\"background: #F8F8F8; line-height: 0; margin-top: 40px; padding: 62.51629726205997% 0; text-align: center; width: 100%;\">\n<div style=\"background: url(data:image\/png; base64,ivborw0kggoaaaansuheugaaacwaaaascamaaaapwqozaaaabgdbtueaalgpc\/xhbqaaaafzukdcak7ohokaaaamuexurczmzpf399fx1+bm5mzy9amaaadisurbvdjlvzxbesmgces5\/p8\/t9furvcrmu73jwlzosgsiizurcjo\/ad+eqjjb4hv8bft+idpqocx1wjosbfhh2xssxeiyn3uli\/6mnree07uiwjev8ueowds88ly97kqytlijkktuybbruayvh5wohixmpi5we58ek028czwyuqdlkpg1bkb4nnm+veanfhqn1k4+gpt6ugqcvu2h2ovuif\/gwufyy8owepdyzsa3avcqpvovvzzz2vtnn2wu8qzvjddeto90gsy9mvlqtgysy231mxry6i2ggqjrty0l8fxcxfcbbhwrsyyaaaaaelftksuqmcc); display: block; height: 44px; margin: 0 auto -44px; position: relative; top: -22px; width: 44px;\"><\/div>\n<\/div>\n<p style=\"margin: 8px 0 0 0; padding: 0 4px;\"><a style=\"color: #000; font-family: Arial,sans-serif; font-size: 14px; font-style: normal; font-weight: normal; line-height: 17px; text-decoration: none; word-wrap: break-word;\" href=\"https:\/\/www.instagram.com\/p\/BkvhE5chlAS\/\" target=\"_blank\" rel=\"noopener\">La vida est\u00e1 llena de retos, de desaf\u00edos, comprender eso en mi vida ha hecho que hoy haya cumplido un sue\u00f1o que siempre tuve, para ello lo \u00fanico que necesite fue convertir cada obst\u00e1culo que se me presentaba como una oportunidad de crecimiento. Desde mi tenacidad, con constancia, disciplina, respeto, amor a mi misma cierro con La Corona del Miss Universo Espa\u00f1a una etapa donde camine de la mano de mi familia y amigos recibiendo siempre su apoyo y amor incondicional, sin ellos nada de esto ser\u00eda posible. @daniela_fundacion por permitirme crecer y ser mejor persona a su lado. Y a mis preparadores @juliomatamoros_hair y @jorgematamorosmakeup por confiar en mi y regalarme su tiempo, sus conocimientos y su ilusi\u00f3n. Hoy comienza un nuevo ciclo para m\u00ed, comprometida conmigo misma, con mi misi\u00f3n de vida, con Espa\u00f1a, voy rumbo al @missuniverse, con la conciencia y el compromiso de llevar adelante un mensaje de inclusi\u00f3n, respeto, tolerancia, amor por uno mismo, amor por los dem\u00e1s. De la mano de @orgbemiss y @guillermoescobaroficial, llevando a adelante nuestro slogam: \u201cSOMOS M\u00c1S DE LO QUE VES\u201d, les doy las Gracias por acompa\u00f1arme en este maravilloso viaje, por creer en m\u00ed, por darme la oportunidad de poner un granito de arena por una sociedad que merece cambios, dejar una huella sembrada en cada ser humano que la vida me ponga en mi camino. Gracias por cada mensaje lleno de amor que me han enviado&#8230;<\/a><\/p>\n<p style=\"color: #c9c8cd; font-family: Arial,sans-serif; font-size: 14px; line-height: 17px; margin-bottom: 0; margin-top: 8px; overflow: hidden; padding: 8px 0 7px; text-align: center; text-overflow: ellipsis; white-space: nowrap;\">Una publicaci\u00f3n compartida de <a style=\"color: #c9c8cd; font-family: Arial,sans-serif; font-size: 14px; font-style: normal; font-weight: normal; line-height: 17px;\" href=\"https:\/\/www.instagram.com\/angelaponceofficial\/\" target=\"_blank\" rel=\"noopener\"> ANGELA PONCE<\/a> (@angelaponceofficial) el <time style=\"font-family: Arial,sans-serif; font-size: 14px; line-height: 17px;\" datetime=\"2018-07-02T20:19:46+00:00\">2 Jul, 2018 a las 1:19 PDT<\/time><\/p>\n<\/div>\n<\/blockquote>\n<p><script async defer src=\"\/\/www.instagram.com\/embed.js\"><\/script><\/p>\n<p>Ponce participar\u00e1 de la 67\u00b0 edici\u00f3n de Miss Universo junto a las reinas de los concursos de otros 90 pa\u00edses.<\/p>\n<p>\u00abLa vida est\u00e1 llena de retos, de desaf\u00edos. Comprender eso en mi vida ha hecho que hoy haya cumplido un sue\u00f1o que siempre tuve. Para ello lo \u00fanico que necesit\u00e9 fue convertir cada obst\u00e1culo que se me presentaba como una oportunidad de crecimiento\u00bb, escribi\u00f3 en su cuenta de Instagram.<\/p>\n","protected":false},"excerpt":{"rendered":"<p>\u00a0\u00abA m\u00ed no me hizo mujer la operaci\u00f3n, siempre fui una\u00bb. Por primera vez en la historia de\u00a0Miss Universo, una mujer transexual podr\u00e1 participar del concurso de belleza mundial. Se trata de la modelo\u00a0\u00c1ngela Ponce,de 26 a\u00f1os, quien representa a Espa\u00f1a. \u00abEstoy contenta por m\u00ed y por lo que este triunfo significa\u00bb, dijo la mujer [&hellip;]<\/p>\n","protected":false},"author":1,"featured_media":60551,"comment_status":"closed","ping_status":"closed","sticky":false,"template":"","format":"standard","meta":{"_seopress_robots_primary_cat":"","_seopress_titles_title":"","_seopress_titles_desc":"","_seopress_robots_index":"","footnotes":""},"categories":[228],"tags":[22411,234,8909,22409,22410],"class_list":{"0":"post-60550","1":"post","2":"type-post","3":"status-publish","4":"format-standard","5":"has-post-thumbnail","7":"category-moda-y-estilos","8":"tag-angela-ponce","9":"tag-destacada","10":"tag-miss-universo","11":"tag-mujer-trans","12":"tag-mujer-transexual"},"_links":{"self":[{"href":"https:\/\/www.cordobatimes.com\/showup\/wp-json\/wp\/v2\/posts\/60550","targetHints":{"allow":["GET"]}}],"collection":[{"href":"https:\/\/www.cordobatimes.com\/showup\/wp-json\/wp\/v2\/posts"}],"about":[{"href":"https:\/\/www.cordobatimes.com\/showup\/wp-json\/wp\/v2\/types\/post"}],"author":[{"embeddable":true,"href":"https:\/\/www.cordobatimes.com\/showup\/wp-json\/wp\/v2\/users\/1"}],"replies":[{"embeddable":true,"href":"https:\/\/www.cordobatimes.com\/showup\/wp-json\/wp\/v2\/comments?post=60550"}],"version-history":[{"count":0,"href":"https:\/\/www.cordobatimes.com\/showup\/wp-json\/wp\/v2\/posts\/60550\/revisions"}],"wp:featuredmedia":[{"embeddable":true,"href":"https:\/\/www.cordobatimes.com\/showup\/wp-json\/wp\/v2\/media\/60551"}],"wp:attachment":[{"href":"https:\/\/www.cordobatimes.com\/showup\/wp-json\/wp\/v2\/media?parent=60550"}],"wp:term":[{"taxonomy":"category","embeddable":true,"href":"https:\/\/www.cordobatimes.com\/showup\/wp-json\/wp\/v2\/categories?post=60550"},{"taxonomy":"post_tag","embeddable":true,"href":"https:\/\/www.cordobatimes.com\/showup\/wp-json\/wp\/v2\/tags?post=60550"}],"curies":[{"name":"wp","href":"https:\/\/api.w.org\/{rel}","templated":true}]}}