{"id":60525,"date":"2018-07-02T10:36:11","date_gmt":"2018-07-02T13:36:11","guid":{"rendered":"http:\/\/www.cordobatimes.com\/showup\/?p=60525"},"modified":"2018-07-02T10:36:57","modified_gmt":"2018-07-02T13:36:57","slug":"mira-el-avance-de-el-marginal-2","status":"publish","type":"post","link":"https:\/\/www.cordobatimes.com\/showup\/tv\/2018\/07\/02\/mira-el-avance-de-el-marginal-2\/","title":{"rendered":"Mir\u00e1 el avance de El Marginal 2"},"content":{"rendered":"<h3><strong>Ya empez\u00f3\u00a0\u00a0la cuenta regresiva para el estreno de la segunda temporada de la serie.<\/strong><\/h3>\n<p>La\u00a0Televisi\u00f3n P\u00fablica\u00a0estrena el martes 17 de julio a las 22 horas la segunda temporada de la serie producida por Underground,\u00a0El Marginal 2.<\/p>\n<p>Esta nueva entrega constar\u00e1 de 8 episodios y se trata de una precuela de la temporada anterior. Se dar\u00e1n respuestas a muchas de las preguntas que los seguidores de la tira se hicieron al ver la primera entrega: \u00bfC\u00f3mo es que los hermanos Borges terminaron presos? \u00bfC\u00f3mo hicieron para tomar el mando de la c\u00e1rcel? \u00bfC\u00f3mo se arm\u00f3 La Sub 21? \u00bfPor qu\u00e9 lleg\u00f3 Emma a San Onofre?<\/p>\n<p>Para saciar las ansias de su p\u00fablico y achicar el tiempo de espera, el canal difundi\u00f3 un nuevo avance. Mir\u00e1:<\/p>\n<blockquote class=\"twitter-tweet\" data-lang=\"es\">\n<p dir=\"ltr\" lang=\"es\">Cada vez falta menos para el regreso de <a href=\"https:\/\/twitter.com\/hashtag\/ElMarginal?src=hash&amp;ref_src=twsrc%5Etfw\">#ElMarginal<\/a>. El 17 de julio a las 22.00 ten\u00e9s una cita con la <a href=\"https:\/\/twitter.com\/TV_Publica?ref_src=twsrc%5Etfw\">@tv_publica<\/a>. Mir\u00e1 en exclusiva el avance de esta apasionante ficci\u00f3n. <a href=\"https:\/\/twitter.com\/hashtag\/ElMarginal2?src=hash&amp;ref_src=twsrc%5Etfw\">#ElMarginal2<\/a> la precuela. <a href=\"https:\/\/t.co\/3VWTINmXLh\">pic.twitter.com\/3VWTINmXLh<\/a><\/p>\n<p>\u2014 TV P\u00fablica Argentina (@TV_Publica) <a href=\"https:\/\/twitter.com\/TV_Publica\/status\/1013233997386678272?ref_src=twsrc%5Etfw\">1 de julio de 2018<\/a><\/p><\/blockquote>\n<p><script async src=\"https:\/\/platform.twitter.com\/widgets.js\" charset=\"utf-8\"><\/script><\/p>\n","protected":false},"excerpt":{"rendered":"<p>Ya empez\u00f3\u00a0\u00a0la cuenta regresiva para el estreno de la segunda temporada de la serie. La\u00a0Televisi\u00f3n P\u00fablica\u00a0estrena el martes 17 de julio a las 22 horas la segunda temporada de la serie producida por Underground,\u00a0El Marginal 2. Esta nueva entrega constar\u00e1 de 8 episodios y se trata de una precuela de la temporada anterior. Se dar\u00e1n [&hellip;]<\/p>\n","protected":false},"author":1,"featured_media":60526,"comment_status":"closed","ping_status":"closed","sticky":false,"template":"","format":"standard","meta":{"_seopress_robots_primary_cat":"","_seopress_titles_title":"","_seopress_titles_desc":"","_seopress_robots_index":"","footnotes":""},"categories":[2],"tags":[234,19570,19379,270,2861],"class_list":{"0":"post-60525","1":"post","2":"type-post","3":"status-publish","4":"format-standard","5":"has-post-thumbnail","7":"category-tv","8":"tag-destacada","9":"tag-el-marginal","10":"tag-el-marginal-2","11":"tag-television-publica","12":"tag-underground"},"_links":{"self":[{"href":"https:\/\/www.cordobatimes.com\/showup\/wp-json\/wp\/v2\/posts\/60525","targetHints":{"allow":["GET"]}}],"collection":[{"href":"https:\/\/www.cordobatimes.com\/showup\/wp-json\/wp\/v2\/posts"}],"about":[{"href":"https:\/\/www.cordobatimes.com\/showup\/wp-json\/wp\/v2\/types\/post"}],"author":[{"embeddable":true,"href":"https:\/\/www.cordobatimes.com\/showup\/wp-json\/wp\/v2\/users\/1"}],"replies":[{"embeddable":true,"href":"https:\/\/www.cordobatimes.com\/showup\/wp-json\/wp\/v2\/comments?post=60525"}],"version-history":[{"count":0,"href":"https:\/\/www.cordobatimes.com\/showup\/wp-json\/wp\/v2\/posts\/60525\/revisions"}],"wp:featuredmedia":[{"embeddable":true,"href":"https:\/\/www.cordobatimes.com\/showup\/wp-json\/wp\/v2\/media\/60526"}],"wp:attachment":[{"href":"https:\/\/www.cordobatimes.com\/showup\/wp-json\/wp\/v2\/media?parent=60525"}],"wp:term":[{"taxonomy":"category","embeddable":true,"href":"https:\/\/www.cordobatimes.com\/showup\/wp-json\/wp\/v2\/categories?post=60525"},{"taxonomy":"post_tag","embeddable":true,"href":"https:\/\/www.cordobatimes.com\/showup\/wp-json\/wp\/v2\/tags?post=60525"}],"curies":[{"name":"wp","href":"https:\/\/api.w.org\/{rel}","templated":true}]}}