{"id":6051,"date":"2013-12-21T11:52:55","date_gmt":"2013-12-21T14:52:55","guid":{"rendered":"http:\/\/cordobatimes.com\/showup\/?p=6051"},"modified":"2020-01-13T17:10:10","modified_gmt":"2020-01-13T20:10:10","slug":"salio-el-cuarteto-de-los-saqueos-video","status":"publish","type":"post","link":"https:\/\/www.cordobatimes.com\/showup\/musica\/2013\/12\/21\/salio-el-cuarteto-de-los-saqueos-video\/","title":{"rendered":"Sali\u00f3 el cuarteto de los saqueos (Video)"},"content":{"rendered":"<h3 style=\"text-align: justify;\"><strong>Luego de lo ocurrido el 4 de diciembre en C\u00f3rdoba Capital, \u00a0Carli Jim\u00e9nez, hijo de \u00abLa Mona\u00bb, lanz\u00f3 \u00abUn d\u00eda de furia\u00bb. El tema formar\u00e1 parte del disco \u00abSue\u00f1a y Vuela\u00bb, que lanzar\u00e1 en 2014.<\/strong><\/h3>\n<p style=\"text-align: justify;\">Como adelanto de su pr\u00f3ximo disco, el cuartetero present\u00f3 \u201cUn d\u00eda de furia\u201d, el tema que habla sobre los saqueos en la ciudad.<\/p>\n<p>La canci\u00f3n ya cuenta con su videoclip en el que repasa los momentos m\u00e1s tensos de los hechos registrados el pasado 3 y 4 de diciembre, tras el autoacuartelamiento policial y es s\u00f3lo su primer corte difusi\u00f3n de lo que ser\u00e1 su pr\u00f3ximo \u00e1lbum.<\/p>\n<p><iframe loading=\"lazy\" src=\"\/\/www.youtube.com\/embed\/-F7V3ii0Sh0\" width=\"560\" height=\"315\" frameborder=\"0\" allowfullscreen=\"allowfullscreen\"><\/iframe><\/p>\n","protected":false},"excerpt":{"rendered":"<p>Luego de lo ocurrido el 4 de diciembre en C\u00f3rdoba Capital, \u00a0Carli Jim\u00e9nez, hijo de \u00abLa Mona\u00bb, lanz\u00f3 \u00abUn d\u00eda de furia\u00bb. El tema formar\u00e1 parte del disco \u00abSue\u00f1a y Vuela\u00bb, que lanzar\u00e1 en 2014. Como adelanto de su pr\u00f3ximo disco, el cuartetero present\u00f3 \u201cUn d\u00eda de furia\u201d, el tema que habla sobre los saqueos [&hellip;]<\/p>\n","protected":false},"author":9,"featured_media":6052,"comment_status":"closed","ping_status":"closed","sticky":false,"template":"","format":"standard","meta":{"_seopress_robots_primary_cat":"","_seopress_titles_title":"","_seopress_titles_desc":"","_seopress_robots_index":"","footnotes":""},"categories":[5],"tags":[26424,1745,26423,1744],"class_list":{"0":"post-6051","1":"post","2":"type-post","3":"status-publish","4":"format-standard","5":"has-post-thumbnail","7":"category-musica","8":"tag-carli-jimenez-un-dia-de-furia","9":"tag-cuarteto-de-los-saqueos","10":"tag-cuarteto-saqueos-carli-jimenez","11":"tag-saquoes-en-cordoba"},"_links":{"self":[{"href":"https:\/\/www.cordobatimes.com\/showup\/wp-json\/wp\/v2\/posts\/6051","targetHints":{"allow":["GET"]}}],"collection":[{"href":"https:\/\/www.cordobatimes.com\/showup\/wp-json\/wp\/v2\/posts"}],"about":[{"href":"https:\/\/www.cordobatimes.com\/showup\/wp-json\/wp\/v2\/types\/post"}],"author":[{"embeddable":true,"href":"https:\/\/www.cordobatimes.com\/showup\/wp-json\/wp\/v2\/users\/9"}],"replies":[{"embeddable":true,"href":"https:\/\/www.cordobatimes.com\/showup\/wp-json\/wp\/v2\/comments?post=6051"}],"version-history":[{"count":0,"href":"https:\/\/www.cordobatimes.com\/showup\/wp-json\/wp\/v2\/posts\/6051\/revisions"}],"wp:featuredmedia":[{"embeddable":true,"href":"https:\/\/www.cordobatimes.com\/showup\/wp-json\/wp\/v2\/media\/6052"}],"wp:attachment":[{"href":"https:\/\/www.cordobatimes.com\/showup\/wp-json\/wp\/v2\/media?parent=6051"}],"wp:term":[{"taxonomy":"category","embeddable":true,"href":"https:\/\/www.cordobatimes.com\/showup\/wp-json\/wp\/v2\/categories?post=6051"},{"taxonomy":"post_tag","embeddable":true,"href":"https:\/\/www.cordobatimes.com\/showup\/wp-json\/wp\/v2\/tags?post=6051"}],"curies":[{"name":"wp","href":"https:\/\/api.w.org\/{rel}","templated":true}]}}