{"id":60418,"date":"2018-06-25T11:50:49","date_gmt":"2018-06-25T14:50:49","guid":{"rendered":"http:\/\/www.cordobatimes.com\/showup\/?p=60418"},"modified":"2020-06-30T13:33:00","modified_gmt":"2020-06-30T16:33:00","slug":"la-serie-cordobesa-la-chica-que-limpia-gano-el-martin-fierro-federal-del-oro","status":"publish","type":"post","link":"https:\/\/www.cordobatimes.com\/showup\/cine-y-series\/2018\/06\/25\/la-serie-cordobesa-la-chica-que-limpia-gano-el-martin-fierro-federal-del-oro\/","title":{"rendered":"La serie cordobesa \u201cLa chica que limpia\u201d gan\u00f3 el Mart\u00edn Fierro Federal del Oro"},"content":{"rendered":"<h3><strong>Gan\u00f3 el m\u00e1ximo premio de la industria de los medios por afuera de Buenos Aires.<\/strong><\/h3>\n<p>La serie policial cordobesa\u00a0La chica que limpia\u00a0gan\u00f3 el oro\u00a0en la entrega de los premios Mart\u00edn Fierro Federal, realizada el s\u00e1bado en el Amerian Carlos V Hotel de Termas de R\u00edo Hondo (Santiago del Estero).<\/p>\n<p>El hecho es hist\u00f3rico porque es la primera vez que el m\u00e1ximo reconocimiento de la televisi\u00f3n y la radio argentinas premia a una serie de ficci\u00f3n por afuera de la producci\u00f3n metropolitana.<\/p>\n<p>La chica que limpia\u00a0comenz\u00f3 a emitirse por la plataforma de streaming del Incaa (Cine.ar, donde consigui\u00f3 63 mil reproducciones) y luego pas\u00f3 a la televisi\u00f3n de aire a trav\u00e9s del Canal 10 de C\u00f3rdoba. La producci\u00f3n fue realizada en su totalidad en C\u00f3rdoba con artistas locales, a excepci\u00f3n de la protagonista Antonella Costa y Beatriz Spelzini, ambas oriundas de Buenos Aires.<\/p>\n<p>\u201cEstoy s\u00faper feliz y agradecida con estos reconocimientos. Nos lo merecemos, nos esforzamos un mont\u00f3n. Esta serie fue hecha a trav\u00e9s de un subsidio del Estado, algo que no est\u00e1 pasando en este momento. No hay que perder de vista esa cuesti\u00f3n, m\u00e1s cuando tenemos la segunda temporada. Adem\u00e1s del nuestro, hay otros equipos con sue\u00f1os por cumplir, que tienen encajonados proyectos que buscan un impulso. No s\u00f3lo es trabajo para profesionales sino visibilidad para la producci\u00f3n art\u00edstica de las provincias\u201d, analiza Antonella Costa desde Roma, su ciudad natal.<\/p>\n<p>\u201cY est\u00e1n los datos, adem\u00e1s. En Cine.ar fuimos los m\u00e1s vistos en 2017 y en 2018 seguimos en el tope. Quiero decir que tambi\u00e9n nos acompa\u00f1a el p\u00fablico. Por eso, es una doble satisfacci\u00f3n saber que la serie sedujo a los entendidos de Aptra pero tambi\u00e9n al espectador com\u00fan\u201d, a\u00f1ade Costa, quien en esta aventura interpret\u00f3 a Rosa; sin ir m\u00e1s lejos,\u00a0La chica que limpia.<\/p>\n<p>\u201cEn lo personal fue un gran desaf\u00edo\u2026 Porque compuse a Rosa al poco tiempo de haber trabajado en Dry Martina, una pel\u00edcula que me tiene actualmente en cartel\u2026 Desde que decid\u00ed no vivir de la actuaci\u00f3n sino del taller de actuaci\u00f3n frente a c\u00e1mara que dicto, las dos cosas que eleg\u00ed est\u00e1n teniendo una lind\u00edsima recepci\u00f3n esta semana. Soy muy feliz. Y tambi\u00e9n ayud\u00f3 una cuesti\u00f3n de confianza mutua entre la producci\u00f3n de la serie y yo. Porque a los actores se nos hace dif\u00edcil que no nos encasillen. Quiero decir: trabaj\u00e9 en 30 pel\u00edculas y protagonic\u00e9 20, pero Dry Martina es la primera comedia que me dan. Y Rosa tambi\u00e9n rompe un molde. En fin, yo estuve ah\u00ed, s\u00e9 el esfuerzo que hicimos\u201d, cierra Costa muy emocionada.<\/p>\n<p>La guionista Greta Molas est\u00e1 en sinton\u00eda con Costa: \u201cEstamos muy contentos y agradecidos. Este es un c\u00e1lido reconocimiento a los trabajadores del sector audiovisual del interior en general y a este equipo en particular, que demostr\u00f3 la calidad con la que se trabaja\u201d.<\/p>\n<p>\u201cEste premio es la frutilla del postre de una serie de distinciones recibidas como la de Cine.ar a la serie m\u00e1s vista en 2017. Nos llena de orgullo, porque es a la gente que una quiere conmover y llegar desde que escribe los primeros trazos. Siempre estamos alentando a que las producciones cordobesas crezcan y se multipliquen porque aqu\u00ed tenemos valiosos creativos con mucha sensibilidad y que tiene a\u00fan mucho por contar\u201d, redondea.<\/p>\n<p>El actor Marcelo Arbach, que en la serie interpreta al detective Guti\u00e9rrez, dice que este premio valora la calidad con la que se produce en C\u00f3rdoba. \u201cCertifica que hay gente muy capaz, creativa y trabajadora para llevar a cabo este tipo de producciones. La gente de cine y de teatro que trabaja en la serie ha demostrado mucha capacidad. Queda claro que lo que falta es un fuerte incentivo de pol\u00edticas culturales que apoyen el desarrollo de este tipo de proyectos o que apunten a que entidades privadas lo hagan\u201d, resume.<\/p>\n<p>\u201cEstuvo buen\u00edsimo participar en\u00a0La Chica que Limpia\u00a0con gente que conozco, respeto y quiero. Fue una experiencia altamente positiva y lamento que no haya m\u00e1s de este tipo de producciones en las que puedan participar m\u00e1s personas de cine y teatro\u201d, insiste el actor.<\/p>\n<p>Por \u00faltimo, el actor Pablo Tolosa confiesa una alegr\u00eda m\u00faltiple al haberse enterado de que\u00a0La chica que limpia\u00a0gan\u00f3 el oro en el Mart\u00edn Fierro Federal:\u00a0 \u201cEs una emoci\u00f3n muy grande para los que, como yo, estamos vinculados con la historia por conocerlo a Lucas (Combina, director y guionista) desde que \u00e9ramos chicos. Y que mi hijo Ale participe en esta ficci\u00f3n le pone m\u00e1s sabor al reconocimiento\u201d.<\/p>\n<p><img alt=\"\" loading=\"lazy\" decoding=\"async\" class=\"alignnone size-full wp-image-60420\" src=\"http:\/\/www.cordobatimes.com\/showup\/wp-content\/uploads\/2018\/06\/limpia2.jpg\" alt=\"\" width=\"770\" height=\"433\" srcset=\"https:\/\/www.cordobatimes.com\/showup\/wp-content\/uploads\/2018\/06\/limpia2.jpg 770w, https:\/\/www.cordobatimes.com\/showup\/wp-content\/uploads\/2018\/06\/limpia2-747x420.jpg 747w, https:\/\/www.cordobatimes.com\/showup\/wp-content\/uploads\/2018\/06\/limpia2-768x432.jpg 768w\" sizes=\"auto, (max-width: 770px) 100vw, 770px\" \/><\/p>\n<p>Que se reconozca dentro de esta estructura a una ficci\u00f3n cordobesa en un momento donde la ficci\u00f3n corre much\u00edsimos riesgos de perderse, me parece importante y rescatable. Hay que aferrarse a eso y usarlo como bandera\u201d, agita en sinton\u00eda con sus compa\u00f1eros.<\/p>\n<p><img alt=\"\" loading=\"lazy\" decoding=\"async\" class=\"alignnone size-full wp-image-60421\" src=\"http:\/\/www.cordobatimes.com\/showup\/wp-content\/uploads\/2018\/06\/martin_fierro.jpg\" alt=\"\" width=\"1280\" height=\"1280\" srcset=\"https:\/\/www.cordobatimes.com\/showup\/wp-content\/uploads\/2018\/06\/martin_fierro.jpg 1280w, https:\/\/www.cordobatimes.com\/showup\/wp-content\/uploads\/2018\/06\/martin_fierro-420x420.jpg 420w, https:\/\/www.cordobatimes.com\/showup\/wp-content\/uploads\/2018\/06\/martin_fierro-768x768.jpg 768w, https:\/\/www.cordobatimes.com\/showup\/wp-content\/uploads\/2018\/06\/martin_fierro-1024x1024.jpg 1024w, https:\/\/www.cordobatimes.com\/showup\/wp-content\/uploads\/2018\/06\/martin_fierro-500x500.jpg 500w, https:\/\/www.cordobatimes.com\/showup\/wp-content\/uploads\/2018\/06\/martin_fierro-400x400.jpg 400w, https:\/\/www.cordobatimes.com\/showup\/wp-content\/uploads\/2018\/06\/martin_fierro-100x100.jpg 100w\" sizes=\"auto, (max-width: 1280px) 100vw, 1280px\" \/><\/p>\n<p>El director Lucas Combina y la productora\u00a0Paola Su\u00e1rez.<\/p>\n<p><iframe loading=\"lazy\" src=\"https:\/\/www.youtube.com\/embed\/iGLpLckli2o\" width=\"560\" height=\"315\" frameborder=\"0\" allowfullscreen=\"allowfullscreen\"><\/iframe><\/p>\n","protected":false},"excerpt":{"rendered":"<p>Gan\u00f3 el m\u00e1ximo premio de la industria de los medios por afuera de Buenos Aires. La serie policial cordobesa\u00a0La chica que limpia\u00a0gan\u00f3 el oro\u00a0en la entrega de los premios Mart\u00edn Fierro Federal, realizada el s\u00e1bado en el Amerian Carlos V Hotel de Termas de R\u00edo Hondo (Santiago del Estero). El hecho es hist\u00f3rico porque es [&hellip;]<\/p>\n","protected":false},"author":1,"featured_media":60419,"comment_status":"closed","ping_status":"closed","sticky":false,"template":"","format":"standard","meta":{"_seopress_robots_primary_cat":"","_seopress_titles_title":"","_seopress_titles_desc":"","_seopress_robots_index":"","footnotes":""},"categories":[3],"tags":[22310,18565],"class_list":{"0":"post-60418","1":"post","2":"type-post","3":"status-publish","4":"format-standard","5":"has-post-thumbnail","7":"category-cine-y-series","8":"tag-la-chica-que-limpia-gano-el-martin-fierro-federal-del-oro","9":"tag-serie-cordobesa-la-chica-que-limpia"},"_links":{"self":[{"href":"https:\/\/www.cordobatimes.com\/showup\/wp-json\/wp\/v2\/posts\/60418","targetHints":{"allow":["GET"]}}],"collection":[{"href":"https:\/\/www.cordobatimes.com\/showup\/wp-json\/wp\/v2\/posts"}],"about":[{"href":"https:\/\/www.cordobatimes.com\/showup\/wp-json\/wp\/v2\/types\/post"}],"author":[{"embeddable":true,"href":"https:\/\/www.cordobatimes.com\/showup\/wp-json\/wp\/v2\/users\/1"}],"replies":[{"embeddable":true,"href":"https:\/\/www.cordobatimes.com\/showup\/wp-json\/wp\/v2\/comments?post=60418"}],"version-history":[{"count":0,"href":"https:\/\/www.cordobatimes.com\/showup\/wp-json\/wp\/v2\/posts\/60418\/revisions"}],"wp:featuredmedia":[{"embeddable":true,"href":"https:\/\/www.cordobatimes.com\/showup\/wp-json\/wp\/v2\/media\/60419"}],"wp:attachment":[{"href":"https:\/\/www.cordobatimes.com\/showup\/wp-json\/wp\/v2\/media?parent=60418"}],"wp:term":[{"taxonomy":"category","embeddable":true,"href":"https:\/\/www.cordobatimes.com\/showup\/wp-json\/wp\/v2\/categories?post=60418"},{"taxonomy":"post_tag","embeddable":true,"href":"https:\/\/www.cordobatimes.com\/showup\/wp-json\/wp\/v2\/tags?post=60418"}],"curies":[{"name":"wp","href":"https:\/\/api.w.org\/{rel}","templated":true}]}}