{"id":6040,"date":"2013-12-21T10:36:17","date_gmt":"2013-12-21T13:36:17","guid":{"rendered":"http:\/\/cordobatimes.com\/showup\/?p=6040"},"modified":"2019-12-01T11:49:49","modified_gmt":"2019-12-01T14:49:49","slug":"supersong-el-concurso-para-elegir-la-cancion-del-mundial-2014","status":"publish","type":"post","link":"https:\/\/www.cordobatimes.com\/showup\/musica\/2013\/12\/21\/supersong-el-concurso-para-elegir-la-cancion-del-mundial-2014\/","title":{"rendered":"\u00abSuperSong\u00bb: el concurso para elegir la canci\u00f3n del Mundial 2014"},"content":{"rendered":"<h3 style=\"text-align: justify;\"><strong>Sony Corporation lanz\u00f3 un concurso mundial de m\u00fasica que cuenta con la participaci\u00f3n de la s\u00faper estrella\u00a0Ricky Martin como uno de los jurados que deber\u00e1 elegir la canci\u00f3n ganadora para la copa del mundo. \u00a0<\/strong><\/h3>\n<p style=\"text-align: justify;\">A partir del 2 de diciembre de 2013, Sony y Ricky Martin invitar\u00e1n a aspirantes a m\u00fasicos, as\u00ed como a fan\u00e1ticos de la m\u00fasica y del f\u00fatbol de todo el mundo a presentar sus videos con propuestas de m\u00fasica original (videos con letra original) para el \u00c1lbum Oficial de la Copa Mundial de la FIFA 2014 en\u00a0<a title=\"www.supersong.com\" href=\"http:\/\/www.supersong.com\/\">www.supersong.com<\/a>.<\/p>\n<p style=\"text-align: justify;\">Todas las presentaciones ser\u00e1n evaluadas por el jurado del concurso \u201cSuperSong\u201d, quienes har\u00e1n una preselecci\u00f3n de 20 canciones. Luego, un panel de expertos de Sony Music Entertainment y fan\u00e1ticos online votar\u00e1n por sus canciones favoritas para elegir a los finalistas.<\/p>\n<p style=\"text-align: justify;\">Ricky Martin y el jurado de \u201cSuperSong\u201d elegir\u00e1n y anunciar\u00e1n al ganador en febrero de 2014. El mejor viajar\u00e1 a Puerto Rico a conocer al cantante y la versi\u00f3n final de la canci\u00f3n ser\u00e1 grabada por un productor musical l\u00edder para el \u00c1lbum Oficial de la FIFA, que ser\u00e1 lanzado por Sony Music Entertainment en el 2014.<\/p>\n<p style=\"text-align: justify;\">El ganador y un acompa\u00f1ante tambi\u00e9n viajar\u00e1n a Brasil, como invitados VIP de Sony, para ver el partido final de la Copa Mundial de la FIFA 2014 en julio de 2014, y recibir\u00e1n premios adicionales de Sony.<\/p>\n<p style=\"text-align: justify;\"><a href=\"http:\/\/cordobatimes.com\/showup\/wp-content\/uploads\/2013\/12\/ricky.jpg\"><img loading=\"lazy\" decoding=\"async\" class=\"alignnone size-full wp-image-6041\" src=\"http:\/\/cordobatimes.com\/showup\/wp-content\/uploads\/2013\/12\/ricky.jpg\" alt=\"ricky\" width=\"599\" height=\"222\" data-id=\"6041\" srcset=\"https:\/\/www.cordobatimes.com\/showup\/wp-content\/uploads\/2013\/12\/ricky.jpg 599w, https:\/\/www.cordobatimes.com\/showup\/wp-content\/uploads\/2013\/12\/ricky-300x111.jpg 300w\" sizes=\"auto, (max-width: 599px) 100vw, 599px\" \/><\/a><\/p>\n","protected":false},"excerpt":{"rendered":"<p>Sony Corporation lanz\u00f3 un concurso mundial de m\u00fasica que cuenta con la participaci\u00f3n de la s\u00faper estrella\u00a0Ricky Martin como uno de los jurados que deber\u00e1 elegir la canci\u00f3n ganadora para la copa del mundo. \u00a0 A partir del 2 de diciembre de 2013, Sony y Ricky Martin invitar\u00e1n a aspirantes a m\u00fasicos, as\u00ed como a [&hellip;]<\/p>\n","protected":false},"author":9,"featured_media":6042,"comment_status":"closed","ping_status":"closed","sticky":false,"template":"","format":"standard","meta":{"_seopress_robots_primary_cat":"","_seopress_titles_title":"","_seopress_titles_desc":"","_seopress_robots_index":"","footnotes":""},"categories":[5],"tags":[26427,24914,1734],"class_list":{"0":"post-6040","1":"post","2":"type-post","3":"status-publish","4":"format-standard","5":"has-post-thumbnail","7":"category-musica","8":"tag-cancion-de-ricky-martin-mundial-2014","9":"tag-cancion-mundial-2014","10":"tag-concurso-mundial-2014"},"_links":{"self":[{"href":"https:\/\/www.cordobatimes.com\/showup\/wp-json\/wp\/v2\/posts\/6040","targetHints":{"allow":["GET"]}}],"collection":[{"href":"https:\/\/www.cordobatimes.com\/showup\/wp-json\/wp\/v2\/posts"}],"about":[{"href":"https:\/\/www.cordobatimes.com\/showup\/wp-json\/wp\/v2\/types\/post"}],"author":[{"embeddable":true,"href":"https:\/\/www.cordobatimes.com\/showup\/wp-json\/wp\/v2\/users\/9"}],"replies":[{"embeddable":true,"href":"https:\/\/www.cordobatimes.com\/showup\/wp-json\/wp\/v2\/comments?post=6040"}],"version-history":[{"count":0,"href":"https:\/\/www.cordobatimes.com\/showup\/wp-json\/wp\/v2\/posts\/6040\/revisions"}],"wp:featuredmedia":[{"embeddable":true,"href":"https:\/\/www.cordobatimes.com\/showup\/wp-json\/wp\/v2\/media\/6042"}],"wp:attachment":[{"href":"https:\/\/www.cordobatimes.com\/showup\/wp-json\/wp\/v2\/media?parent=6040"}],"wp:term":[{"taxonomy":"category","embeddable":true,"href":"https:\/\/www.cordobatimes.com\/showup\/wp-json\/wp\/v2\/categories?post=6040"},{"taxonomy":"post_tag","embeddable":true,"href":"https:\/\/www.cordobatimes.com\/showup\/wp-json\/wp\/v2\/tags?post=6040"}],"curies":[{"name":"wp","href":"https:\/\/api.w.org\/{rel}","templated":true}]}}