{"id":60357,"date":"2018-06-19T18:25:38","date_gmt":"2018-06-19T21:25:38","guid":{"rendered":"http:\/\/www.cordobatimes.com\/showup\/?p=60357"},"modified":"2020-06-30T19:02:40","modified_gmt":"2020-06-30T22:02:40","slug":"la-tercera-temporada-de-la-casa-de-papel-jugara-con-la-fragmentacion-temporal","status":"publish","type":"post","link":"https:\/\/www.cordobatimes.com\/showup\/cine-y-series\/2018\/06\/19\/la-tercera-temporada-de-la-casa-de-papel-jugara-con-la-fragmentacion-temporal\/","title":{"rendered":"La tercera temporada de \u201cLa Casa de Papel\u201d jugar\u00e1 con la fragmentaci\u00f3n temporal"},"content":{"rendered":"<p><strong>El creador de la serie cont\u00f3 en una entrevista qu\u00e9 vuelta le encontraron a la serie para extenderla.<\/strong><\/p>\n<p>Netflix\u00a0se mantiene como una plataforma concentrada en la producci\u00f3n de contenidos originales, y la renovaci\u00f3n de una nueva temporada de\u00a0La Casa de Papel\u00a0no hace m\u00e1s que confirmarlo.<\/p>\n<p>La producci\u00f3n de\u00a0Antena 3\u00a0se ha convertido en un aut\u00e9ntico fen\u00f3meno dentro y fuera de Espa\u00f1a, y la llegada de nuevos cap\u00edtulos era casi un hecho.<\/p>\n<p>Durante la participaci\u00f3n del equipo de producci\u00f3n de la serie en el Festival de Televisi\u00f3n de Montecarlo, revelaron detalles de lo que vendr\u00e1 .<\/p>\n<p>Las palabras son de \u00c1lex Pina, creador de la ficci\u00f3n:<\/p>\n<p>Tomar la decisi\u00f3n de seguir fue realmente duro. Nos llam\u00f3 Netflix con la propuesta y les dijimos que esperaran a ver si se nos ocurr\u00eda c\u00f3mo seguir.<\/p>\n<p>Dos meses despu\u00e9s cre\u00edmos que ten\u00edamos una buena idea, les devolvimos la llamada y les gust\u00f3 la idea.<\/p>\n<p>Necesit\u00e1bamos encontrar una raz\u00f3n poderosa para que volvieran a robar, algo emocional, y ahora lo tenemos.<\/p>\n<p>La fragmentaci\u00f3n temporal. Es algo que vamos a trabajar mucho, ser muy libres con el tiempo.<\/p>\n<p>Creo que podemos dar un paso m\u00e1s en ese sentido, es una de las novedades con las que estamos trabajando.<\/p>\n<p>Por \u00faltimo, el equipo de producci\u00f3n de la pr\u00f3xima temporada de\u00a0La Casa de Papel\u00a0asegur\u00f3 que cuenta con total libertad creativa.<\/p>\n<p>&nbsp;<\/p>\n<p>&nbsp;<\/p>\n","protected":false},"excerpt":{"rendered":"<p>El creador de la serie cont\u00f3 en una entrevista qu\u00e9 vuelta le encontraron a la serie para extenderla. Netflix\u00a0se mantiene como una plataforma concentrada en la producci\u00f3n de contenidos originales, y la renovaci\u00f3n de una nueva temporada de\u00a0La Casa de Papel\u00a0no hace m\u00e1s que confirmarlo. La producci\u00f3n de\u00a0Antena 3\u00a0se ha convertido en un aut\u00e9ntico fen\u00f3meno [&hellip;]<\/p>\n","protected":false},"author":1,"featured_media":60358,"comment_status":"closed","ping_status":"closed","sticky":false,"template":"","format":"standard","meta":{"_seopress_robots_primary_cat":"","_seopress_titles_title":"","_seopress_titles_desc":"","_seopress_robots_index":"","footnotes":""},"categories":[3],"tags":[21558],"class_list":{"0":"post-60357","1":"post","2":"type-post","3":"status-publish","4":"format-standard","5":"has-post-thumbnail","7":"category-cine-y-series","8":"tag-tercera-temporada-de-la-casa-de-papel"},"_links":{"self":[{"href":"https:\/\/www.cordobatimes.com\/showup\/wp-json\/wp\/v2\/posts\/60357","targetHints":{"allow":["GET"]}}],"collection":[{"href":"https:\/\/www.cordobatimes.com\/showup\/wp-json\/wp\/v2\/posts"}],"about":[{"href":"https:\/\/www.cordobatimes.com\/showup\/wp-json\/wp\/v2\/types\/post"}],"author":[{"embeddable":true,"href":"https:\/\/www.cordobatimes.com\/showup\/wp-json\/wp\/v2\/users\/1"}],"replies":[{"embeddable":true,"href":"https:\/\/www.cordobatimes.com\/showup\/wp-json\/wp\/v2\/comments?post=60357"}],"version-history":[{"count":0,"href":"https:\/\/www.cordobatimes.com\/showup\/wp-json\/wp\/v2\/posts\/60357\/revisions"}],"wp:featuredmedia":[{"embeddable":true,"href":"https:\/\/www.cordobatimes.com\/showup\/wp-json\/wp\/v2\/media\/60358"}],"wp:attachment":[{"href":"https:\/\/www.cordobatimes.com\/showup\/wp-json\/wp\/v2\/media?parent=60357"}],"wp:term":[{"taxonomy":"category","embeddable":true,"href":"https:\/\/www.cordobatimes.com\/showup\/wp-json\/wp\/v2\/categories?post=60357"},{"taxonomy":"post_tag","embeddable":true,"href":"https:\/\/www.cordobatimes.com\/showup\/wp-json\/wp\/v2\/tags?post=60357"}],"curies":[{"name":"wp","href":"https:\/\/api.w.org\/{rel}","templated":true}]}}