{"id":60307,"date":"2018-06-15T12:43:26","date_gmt":"2018-06-15T15:43:26","guid":{"rendered":"http:\/\/www.cordobatimes.com\/showup\/?p=60307"},"modified":"2020-06-30T19:48:47","modified_gmt":"2020-06-30T22:48:47","slug":"murio-uno-de-los-historicos-integrantes-del-grupo-loco-mia","status":"publish","type":"post","link":"https:\/\/www.cordobatimes.com\/showup\/musica\/2018\/06\/15\/murio-uno-de-los-historicos-integrantes-del-grupo-loco-mia\/","title":{"rendered":"Muri\u00f3 uno de los hist\u00f3ricos integrantes del grupo Loco M\u00eda"},"content":{"rendered":"<h3><strong>Era uno de los miembros de la primera formaci\u00f3n de la banda, que alcanz\u00f3 popularidad en los 90 por sus abanicos y trajes con hombreras.<\/strong><\/h3>\n<p>\u00abEl cielo se viste de gala para recibir a un \u00e1ngel que danzar\u00e1 y brillar\u00e1 con luz propia\u00bb. As\u00ed informaba el grupo Loco M\u00eda desde sus redes sociales la muerte de uno de sus primeros integrantes, Santos Blanco L\u00f3pez, a una \u00abtemprana edad\u00bb: ten\u00eda 46 a\u00f1os.<\/p>\n<p>El m\u00fasico fue encontrado sin vida en la tarde del mi\u00e9rcoles, aunque la noticia reci\u00e9n trascendi\u00f3 en las \u00faltimas horas. \u00abNo se despert\u00f3. No sabemos m\u00e1s\u00bb, dijo el actual representante de Loco M\u00eda, Jordi Tarr\u00e9, al diario espa\u00f1ol El Pa\u00eds. Y explic\u00f3 que la demora en la difusi\u00f3n del comunicado oficial estuvo relacionada con la incredulidad. \u00abNo quisimos hacerlo p\u00fablico hasta que lo tuvimos confirmado porque nos parec\u00eda que era mentira\u00bb, admiti\u00f3 Tarr\u00e9.<\/p>\n<p>Fue una fan\u00e1tica uruguaya que sol\u00eda hablar con Santos quien acerc\u00f3 la tr\u00e1gica informaci\u00f3n al grupo. La familia del cantante, que desde hace unos a\u00f1os resid\u00eda en Gij\u00f3n, Espa\u00f1a, confirm\u00f3 entonces que hab\u00eda fallecido por causas naturales.<\/p>\n<p>\u00abPor mala suerte, hoy toca despedirnos de un ser \u00fanico que dej\u00f3 una huella imborrable\u00bb, se lee en el comunicado de Loco M\u00eda, donde describen a Santos Blanco como due\u00f1o de un \u00abrostro angelical\u00bb y un \u00abcuerpo apasionado por la danza\u00bb.<\/p>\n<blockquote class=\"twitter-tweet\" data-lang=\"es\">\n<p dir=\"ltr\" lang=\"es\">Acabamos de confirmar que SANTOS BLANCO, miembro de la primera formaci\u00f3n de LOCOMIA, nos ha dejado a la temprana edad de 46 a\u00f1os.<\/p>\n<p>Por mala suerte, hoy toca despedirnos de un ser \u00fanico que dej\u00f3 una huella imborrable.<\/p>\n<p>D.E.P querido \u2764<\/p>\n<p>LOCOMIA <a href=\"https:\/\/t.co\/F0s7G2BEOZ\">pic.twitter.com\/F0s7G2BEOZ<\/a><\/p>\n<p>\u2014 LocoMia Oficial (@locomia_oficial) <a href=\"https:\/\/twitter.com\/locomia_oficial\/status\/1007419592522764288?ref_src=twsrc%5Etfw\">15 de junio de 2018<\/a><\/p><\/blockquote>\n<p><script async src=\"https:\/\/platform.twitter.com\/widgets.js\" charset=\"utf-8\"><\/script><\/p>\n<h3><strong>Protagonista de un \u00e9xito<\/strong><\/h3>\n<p>Siendo originalmente un grupo de dise\u00f1adores (de all\u00ed el vestuario tan particular, con hombreras desmedidas y abanicos) para terminar derivando en una banda de electro pop, Loco M\u00eda se form\u00f3 en Espa\u00f1a en 1984, lanzando su primer disco reci\u00e9n cinco a\u00f1os m\u00e1s tarde.<\/p>\n<p>Fue en 1992 cuando Santos Blanco se sum\u00f3 al grupo, reemplazando a Juan Antonio Fuentes. Debut\u00f3 en el Festival de Vi\u00f1a del Mar, Chile, en una presentaci\u00f3n emblem\u00e1tica, tanto para \u00e9l como para el conjunto en s\u00ed. \u00abSu aparici\u00f3n fue clave para brillar como nadie en ese inolvidable festival. Lleg\u00f3 a Loco M\u00eda en un momento \u00e1lgido y de gran \u00e9xito\u00bb, destaca el comunicado.<\/p>\n<p>Con \u00e9xitos como \u00abLoco Vox\u00bb, \u00abRumba Samba Mambo\u00bb o \u00abLoco M\u00eda\u00bb, Santos Blanco y compa\u00f1\u00eda hicieron bailar a la Argentina a partir de sus presentaciones en Feliz Domingo, el hist\u00f3rico programa que Silvio Sold\u00e1n conduc\u00eda en Canal 9.<\/p>\n<p><iframe loading=\"lazy\" src=\"https:\/\/www.youtube.com\/embed\/t6Zr1bZD7i8\" width=\"560\" height=\"315\" frameborder=\"0\" allowfullscreen=\"allowfullscreen\"><\/iframe><\/p>\n<p><iframe loading=\"lazy\" src=\"https:\/\/www.youtube.com\/embed\/LGQDpIa-8BQ\" width=\"560\" height=\"315\" frameborder=\"0\" allowfullscreen=\"allowfullscreen\"><\/iframe><\/p>\n","protected":false},"excerpt":{"rendered":"<p>Era uno de los miembros de la primera formaci\u00f3n de la banda, que alcanz\u00f3 popularidad en los 90 por sus abanicos y trajes con hombreras. \u00abEl cielo se viste de gala para recibir a un \u00e1ngel que danzar\u00e1 y brillar\u00e1 con luz propia\u00bb. As\u00ed informaba el grupo Loco M\u00eda desde sus redes sociales la muerte [&hellip;]<\/p>\n","protected":false},"author":1,"featured_media":60308,"comment_status":"closed","ping_status":"closed","sticky":false,"template":"","format":"standard","meta":{"_seopress_robots_primary_cat":"","_seopress_titles_title":"","_seopress_titles_desc":"","_seopress_robots_index":"","footnotes":""},"categories":[5],"tags":[22222,22223],"class_list":{"0":"post-60307","1":"post","2":"type-post","3":"status-publish","4":"format-standard","5":"has-post-thumbnail","7":"category-musica","8":"tag-historicos-integrantes-del-grupo-loco-mia","9":"tag-integrantes-del-grupo-loco-mia"},"_links":{"self":[{"href":"https:\/\/www.cordobatimes.com\/showup\/wp-json\/wp\/v2\/posts\/60307","targetHints":{"allow":["GET"]}}],"collection":[{"href":"https:\/\/www.cordobatimes.com\/showup\/wp-json\/wp\/v2\/posts"}],"about":[{"href":"https:\/\/www.cordobatimes.com\/showup\/wp-json\/wp\/v2\/types\/post"}],"author":[{"embeddable":true,"href":"https:\/\/www.cordobatimes.com\/showup\/wp-json\/wp\/v2\/users\/1"}],"replies":[{"embeddable":true,"href":"https:\/\/www.cordobatimes.com\/showup\/wp-json\/wp\/v2\/comments?post=60307"}],"version-history":[{"count":0,"href":"https:\/\/www.cordobatimes.com\/showup\/wp-json\/wp\/v2\/posts\/60307\/revisions"}],"wp:featuredmedia":[{"embeddable":true,"href":"https:\/\/www.cordobatimes.com\/showup\/wp-json\/wp\/v2\/media\/60308"}],"wp:attachment":[{"href":"https:\/\/www.cordobatimes.com\/showup\/wp-json\/wp\/v2\/media?parent=60307"}],"wp:term":[{"taxonomy":"category","embeddable":true,"href":"https:\/\/www.cordobatimes.com\/showup\/wp-json\/wp\/v2\/categories?post=60307"},{"taxonomy":"post_tag","embeddable":true,"href":"https:\/\/www.cordobatimes.com\/showup\/wp-json\/wp\/v2\/tags?post=60307"}],"curies":[{"name":"wp","href":"https:\/\/api.w.org\/{rel}","templated":true}]}}