{"id":60296,"date":"2018-06-14T20:42:42","date_gmt":"2018-06-14T23:42:42","guid":{"rendered":"http:\/\/www.cordobatimes.com\/showup\/?p=60296"},"modified":"2020-06-30T19:54:28","modified_gmt":"2020-06-30T22:54:28","slug":"mira-el-primer-trailer-de-el-amor-menos-pensado","status":"publish","type":"post","link":"https:\/\/www.cordobatimes.com\/showup\/cine-y-series\/2018\/06\/14\/mira-el-primer-trailer-de-el-amor-menos-pensado\/","title":{"rendered":"Mir\u00e1 el primer tr\u00e1iler de \u00abEl amor menos pensado\u00bb"},"content":{"rendered":"<h3><strong>Se lanz\u00f3 el tr\u00e1iler de\u00a0El amor menos pensado, el nuevo filme que protagoniza el actor.<\/strong><\/h3>\n<p>A dos meses de su estreno, se dio a conocer el tr\u00e1iler de El amor menos pensado, el filme de Juan Vera que protagoniza Ricardo Dar\u00edn y Mercedes Mor\u00e1n. La pel\u00edcula -que se estrena en cines el 2 de agosto- marca el regreso de Dar\u00edn a la comedia\u00a0 y su debut como productor.<\/p>\n<p>El amor menos pensado es una comedia rom\u00e1ntica que cuenta la historia de Marcos y Ana, quienes tras 25 a\u00f1os de matrimonio se interrogan sobre el amor, la fidelidad, el paso del tiempo y la naturaleza del deseo. Esas preguntas los llevan a tomar una decisi\u00f3n que modificar\u00e1 el horizonte de sus vidas.<\/p>\n<p>El actor argentino, que pas\u00f3 hace poco por C\u00f3rdoba para presentar su obra teatral Escenas de la vida conyugal (que lo han vinculado a una serie de acusaciones de sus colegas femeninas), le dio en ese contexto una entrevista a VOS en que habla de la pel\u00edcula.<\/p>\n<p><iframe loading=\"lazy\" src=\"https:\/\/www.youtube.com\/embed\/kNvnuCT9Q9w\" width=\"560\" height=\"315\" frameborder=\"0\" allowfullscreen=\"allowfullscreen\"><\/iframe><\/p>\n","protected":false},"excerpt":{"rendered":"<p>Se lanz\u00f3 el tr\u00e1iler de\u00a0El amor menos pensado, el nuevo filme que protagoniza el actor. A dos meses de su estreno, se dio a conocer el tr\u00e1iler de El amor menos pensado, el filme de Juan Vera que protagoniza Ricardo Dar\u00edn y Mercedes Mor\u00e1n. La pel\u00edcula -que se estrena en cines el 2 de agosto- [&hellip;]<\/p>\n","protected":false},"author":1,"featured_media":60297,"comment_status":"closed","ping_status":"closed","sticky":false,"template":"","format":"standard","meta":{"_seopress_robots_primary_cat":"","_seopress_titles_title":"","_seopress_titles_desc":"","_seopress_robots_index":"","footnotes":""},"categories":[3],"tags":[22212,22210],"class_list":{"0":"post-60296","1":"post","2":"type-post","3":"status-publish","4":"format-standard","5":"has-post-thumbnail","7":"category-cine-y-series","8":"tag-ricardo-darin-y-mercedes-moran","9":"tag-trailer-de-el-amor-menos-pensado"},"_links":{"self":[{"href":"https:\/\/www.cordobatimes.com\/showup\/wp-json\/wp\/v2\/posts\/60296","targetHints":{"allow":["GET"]}}],"collection":[{"href":"https:\/\/www.cordobatimes.com\/showup\/wp-json\/wp\/v2\/posts"}],"about":[{"href":"https:\/\/www.cordobatimes.com\/showup\/wp-json\/wp\/v2\/types\/post"}],"author":[{"embeddable":true,"href":"https:\/\/www.cordobatimes.com\/showup\/wp-json\/wp\/v2\/users\/1"}],"replies":[{"embeddable":true,"href":"https:\/\/www.cordobatimes.com\/showup\/wp-json\/wp\/v2\/comments?post=60296"}],"version-history":[{"count":0,"href":"https:\/\/www.cordobatimes.com\/showup\/wp-json\/wp\/v2\/posts\/60296\/revisions"}],"wp:featuredmedia":[{"embeddable":true,"href":"https:\/\/www.cordobatimes.com\/showup\/wp-json\/wp\/v2\/media\/60297"}],"wp:attachment":[{"href":"https:\/\/www.cordobatimes.com\/showup\/wp-json\/wp\/v2\/media?parent=60296"}],"wp:term":[{"taxonomy":"category","embeddable":true,"href":"https:\/\/www.cordobatimes.com\/showup\/wp-json\/wp\/v2\/categories?post=60296"},{"taxonomy":"post_tag","embeddable":true,"href":"https:\/\/www.cordobatimes.com\/showup\/wp-json\/wp\/v2\/tags?post=60296"}],"curies":[{"name":"wp","href":"https:\/\/api.w.org\/{rel}","templated":true}]}}