{"id":60269,"date":"2018-06-13T18:00:16","date_gmt":"2018-06-13T21:00:16","guid":{"rendered":"http:\/\/www.cordobatimes.com\/showup\/?p=60269"},"modified":"2020-06-30T20:14:27","modified_gmt":"2020-06-30T23:14:27","slug":"robbie-williams-cantara-en-la-inauguracion-del-mundial-de-rusia-2018","status":"publish","type":"post","link":"https:\/\/www.cordobatimes.com\/showup\/musica\/2018\/06\/13\/robbie-williams-cantara-en-la-inauguracion-del-mundial-de-rusia-2018\/","title":{"rendered":"Robbie Williams cantar\u00e1 en la inauguraci\u00f3n del Mundial de Rusia 2018"},"content":{"rendered":"<h3 id=\"p527098-m1884-2-1885\" class=\"news-summary \"><strong>El\u00a0cantante de 44 a\u00f1os,\u00a0la soprano rusa Aida Garifullina y el ex jugador brasile\u00f1o Ronaldo ser\u00e1n los protagonistas del espect\u00e1culo inaugural.<\/strong><\/h3>\n<p>El cantante brit\u00e1nico\u00a0Robbie Williams\u00a0actuar\u00e1 en la ceremonia de inauguraci\u00f3n del Mundial de f\u00fatbol\u00a0Rusia 2018, con lo que cumplir\u00e1 \u00abun sue\u00f1o de infancia\u00bb.<\/p>\n<p>El ex integrante del grupo Take That, gran aficionado al f\u00fatbol, est\u00e1 \u00abmuy contento e impaciente por volver a Rusia para esta actuaci\u00f3n \u00fanica\u00bb.<\/p>\n<p>\u00abHe hecho muchas cosas en mi carrera y estar en la apertura del Mundial de la FIFA ante 80 mil aficionados al f\u00fatbol en el estadio y millones en todo el mundo es un sue\u00f1o de infancia que hago realidad\u00bb, declar\u00f3 en un comunicado el int\u00e9rprete de \u00e9xitos como \u00abAngels&#8217;, \u00abShe&#8217;s the One\u00bb o \u00abIt&#8217;s Only Us\u00bb, prometiendo \u00abun espect\u00e1culo inolvidable\u00bb.<\/p>\n<p>Junto a Robbie Williams, en el escenario en el c\u00e9sped de Mosc\u00fa, estar\u00e1 tambi\u00e9n la soprano rusa\u00a0Aida Garifullina, \u00abuna de las voces j\u00f3venes m\u00e1s aclamadas de Rusia\u00bb, que representar\u00e1 al pa\u00eds anfitri\u00f3n, indic\u00f3 la FIFA en su comunicado.<\/p>\n<p>\u00abNunca imagin\u00e9 que podr\u00eda participar en una fiesta as\u00ed\u00bb, declar\u00f3 Aida Garifullina. Tambi\u00e9n estar\u00e1 presente en el acto de inauguraci\u00f3n el exfutbolista brasile\u00f1o Ronaldo.<\/p>\n<p>La ceremonia tendr\u00e1 lugar media hora antes del inicio del primer partido del torneo, el Rusia-Arabia Saudita del jueves a las 18hs<\/p>\n<p>&nbsp;<\/p>\n<p>\u00abEl partido de apertura siempre es muy simb\u00f3lico. Es el instante en el que te das cuenta del gran momento que, seas jugador o hincha, esperas desde hace cuatro a\u00f1os y que finalmente ha llegado\u00bb, coment\u00f3 en el mismo comunicado Ronaldo, dos veces ganador del Mundial, en 1994 y 2002.<\/p>\n<p>\u00abEs un momento emotivo tambi\u00e9n para los anfitriones. Despu\u00e9s de tanto trabajo, de repente todo el mundo est\u00e1 en tu casa para celebrar su amor al f\u00fatbol. Sent\u00ed eso en Brasil hace cuatro a\u00f1os y ahora estoy feliz por poder compartir este entusiasmo con los rusos\u00bb, a\u00f1adi\u00f3.<\/p>\n","protected":false},"excerpt":{"rendered":"<p>El\u00a0cantante de 44 a\u00f1os,\u00a0la soprano rusa Aida Garifullina y el ex jugador brasile\u00f1o Ronaldo ser\u00e1n los protagonistas del espect\u00e1culo inaugural. El cantante brit\u00e1nico\u00a0Robbie Williams\u00a0actuar\u00e1 en la ceremonia de inauguraci\u00f3n del Mundial de f\u00fatbol\u00a0Rusia 2018, con lo que cumplir\u00e1 \u00abun sue\u00f1o de infancia\u00bb. El ex integrante del grupo Take That, gran aficionado al f\u00fatbol, est\u00e1 \u00abmuy [&hellip;]<\/p>\n","protected":false},"author":1,"featured_media":60270,"comment_status":"closed","ping_status":"closed","sticky":false,"template":"","format":"standard","meta":{"_seopress_robots_primary_cat":"","_seopress_titles_title":"","_seopress_titles_desc":"","_seopress_robots_index":"","footnotes":""},"categories":[5],"tags":[22195,32075],"class_list":{"0":"post-60269","1":"post","2":"type-post","3":"status-publish","4":"format-standard","5":"has-post-thumbnail","7":"category-musica","8":"tag-inauguracion-del-mundial-de-rusia-2018","9":"tag-robbie-williams-cantara-en-la-inauguracion-del-mundial"},"_links":{"self":[{"href":"https:\/\/www.cordobatimes.com\/showup\/wp-json\/wp\/v2\/posts\/60269","targetHints":{"allow":["GET"]}}],"collection":[{"href":"https:\/\/www.cordobatimes.com\/showup\/wp-json\/wp\/v2\/posts"}],"about":[{"href":"https:\/\/www.cordobatimes.com\/showup\/wp-json\/wp\/v2\/types\/post"}],"author":[{"embeddable":true,"href":"https:\/\/www.cordobatimes.com\/showup\/wp-json\/wp\/v2\/users\/1"}],"replies":[{"embeddable":true,"href":"https:\/\/www.cordobatimes.com\/showup\/wp-json\/wp\/v2\/comments?post=60269"}],"version-history":[{"count":0,"href":"https:\/\/www.cordobatimes.com\/showup\/wp-json\/wp\/v2\/posts\/60269\/revisions"}],"wp:featuredmedia":[{"embeddable":true,"href":"https:\/\/www.cordobatimes.com\/showup\/wp-json\/wp\/v2\/media\/60270"}],"wp:attachment":[{"href":"https:\/\/www.cordobatimes.com\/showup\/wp-json\/wp\/v2\/media?parent=60269"}],"wp:term":[{"taxonomy":"category","embeddable":true,"href":"https:\/\/www.cordobatimes.com\/showup\/wp-json\/wp\/v2\/categories?post=60269"},{"taxonomy":"post_tag","embeddable":true,"href":"https:\/\/www.cordobatimes.com\/showup\/wp-json\/wp\/v2\/tags?post=60269"}],"curies":[{"name":"wp","href":"https:\/\/api.w.org\/{rel}","templated":true}]}}