{"id":60235,"date":"2018-06-11T11:13:00","date_gmt":"2018-06-11T14:13:00","guid":{"rendered":"http:\/\/www.cordobatimes.com\/showup\/?p=60235"},"modified":"2020-06-30T21:07:43","modified_gmt":"2020-07-01T00:07:43","slug":"stranger-things-tendra-una-precuela-pero-no-saldra-en-television","status":"publish","type":"post","link":"https:\/\/www.cordobatimes.com\/showup\/cine-y-series\/2018\/06\/11\/stranger-things-tendra-una-precuela-pero-no-saldra-en-television\/","title":{"rendered":"Stranger Things tendr\u00e1 una precuela, pero no saldr\u00e1 en televisi\u00f3n"},"content":{"rendered":"<h3><strong>Netflix\u00a0y\u00a0Random House Mondadori\u00a0aprobaron el proyecto que revelar\u00e1 los secretos de la serie, pero \u00bfen qu\u00e9 formato?<\/strong><\/h3>\n<p>El universo de\u00a0Stranger Things\u00a0est\u00e1 en expansi\u00f3n. No solo se viene una tercera temporada, sino que\u00a0Netflix\u00a0y\u00a0Random House Mondadori\u00a0consideraron que a la historia todav\u00eda le queda mucho jugo por exprimir, por eso lanzaran tambi\u00e9n una precuela de la ficci\u00f3n, pero no en formato audiovisual.<\/p>\n<p>La precuela ser\u00e1 lanzada en formato de novela, seg\u00fan su propia autora, Gwenda Bond, a trav\u00e9s de una serie de tuits en los que tambi\u00e9n devela cu\u00e1l ser\u00e1 la trama.<\/p>\n<blockquote class=\"twitter-tweet\" data-lang=\"es\">\n<p dir=\"ltr\" lang=\"en\">THIS IS THE NEWS &#8212; I&#8217;M WRITING THE FIRST STRANGER THINGS NOVEL AHHHHHHHHHH <a href=\"https:\/\/t.co\/P9fMfr1tiD\">https:\/\/t.co\/P9fMfr1tiD<\/a><\/p>\n<p>\u2014 Gwenda Bond (@Gwenda) <a href=\"https:\/\/twitter.com\/Gwenda\/status\/1005074559844978688?ref_src=twsrc%5Etfw\">8 de junio de 2018<\/a><\/p><\/blockquote>\n<p><script async src=\"https:\/\/platform.twitter.com\/widgets.js\" charset=\"utf-8\"><\/script><\/p>\n<blockquote class=\"twitter-tweet\" data-lang=\"es\">\n<p dir=\"ltr\" lang=\"en\">It&#8217;s about Eleven&#8217;s mother Terry and her intersection with the MKUltra program and you&#8217;re going to get to know and love her in a whole new way. I&#8217;m SO EXCITED.<\/p>\n<p>\u2014 Gwenda Bond (@Gwenda) <a href=\"https:\/\/twitter.com\/Gwenda\/status\/1005074846097735680?ref_src=twsrc%5Etfw\">8 de junio de 2018<\/a><\/p><\/blockquote>\n<p><script async src=\"https:\/\/platform.twitter.com\/widgets.js\" charset=\"utf-8\"><\/script><\/p>\n<blockquote class=\"twitter-tweet\" data-lang=\"es\">\n<p dir=\"ltr\" lang=\"en\">I have the most epic playlist of all time for working on this, all songs from 1969 and &#8217;70, which was GOOD MUSIC TIMES.<\/p>\n<p>\u2014 Gwenda Bond (@Gwenda) <a href=\"https:\/\/twitter.com\/Gwenda\/status\/1005075483954958336?ref_src=twsrc%5Etfw\">8 de junio de 2018<\/a><\/p><\/blockquote>\n<p><script async src=\"https:\/\/platform.twitter.com\/widgets.js\" charset=\"utf-8\"><\/script><\/p>\n<p>\u201cEstas son las noticias. Voy a escribir la primera novela de &#8216;Stranger Things'\u00bb, anuncia emocionada en un primer tuit. Luego a\u00f1ade: \u00abTrata sobre la madre de Eleven, Terry, y su relaci\u00f3n con el programa MKUltra. Vas a poder conocerla mejor y amarla de una forma totalmente distinta. Estoy muy emocionada\u201d.<\/p>\n<p>La novela contar\u00e1 la historia de la madre de Eleven, a la cual pudimos conocer un poco en la segunda temporada de la serie, y su relaci\u00f3n con los cient\u00edficos que ten\u00edan a la protagonista como objeto de estudio.<\/p>\n<p>Se espera que el libro llegue dentro de un a\u00f1o, aunque seg\u00fan el medio especializado Deadline, esta primavera se publicar\u00e1n otros dos libros sobre el universo de Stranger Things. Uno de ellos se trata de una edici\u00f3n \u201cdetr\u00e1s de c\u00e1maras\u201d de la ficci\u00f3n y se publciar\u00e1 bajo el t\u00edtulo: \u201cStranger Things: World Turned Upside Down. The Official Behind-The-Scenes Companion\u201d, en espa\u00f1ol algo as\u00ed com:o \u201cStranger Things: El mundo al rev\u00e9s. El detr\u00e1s de c\u00e1maras official\u201d. Del otro libro no se sabe el nombre a\u00fan, pero se tratar\u00eda de un \u00abun libro de consejos, sabidur\u00eda y advertencias sobre el mundo de &#8216;Stranger Things'\u00bb.<\/p>\n<p>&nbsp;<\/p>\n","protected":false},"excerpt":{"rendered":"<p>Netflix\u00a0y\u00a0Random House Mondadori\u00a0aprobaron el proyecto que revelar\u00e1 los secretos de la serie, pero \u00bfen qu\u00e9 formato? El universo de\u00a0Stranger Things\u00a0est\u00e1 en expansi\u00f3n. No solo se viene una tercera temporada, sino que\u00a0Netflix\u00a0y\u00a0Random House Mondadori\u00a0consideraron que a la historia todav\u00eda le queda mucho jugo por exprimir, por eso lanzaran tambi\u00e9n una precuela de la ficci\u00f3n, pero no [&hellip;]<\/p>\n","protected":false},"author":1,"featured_media":60236,"comment_status":"closed","ping_status":"closed","sticky":false,"template":"","format":"standard","meta":{"_seopress_robots_primary_cat":"","_seopress_titles_title":"","_seopress_titles_desc":"","_seopress_robots_index":"","footnotes":""},"categories":[3],"tags":[22163],"class_list":{"0":"post-60235","1":"post","2":"type-post","3":"status-publish","4":"format-standard","5":"has-post-thumbnail","7":"category-cine-y-series","8":"tag-stranger-things-tendra-una-precuela"},"_links":{"self":[{"href":"https:\/\/www.cordobatimes.com\/showup\/wp-json\/wp\/v2\/posts\/60235","targetHints":{"allow":["GET"]}}],"collection":[{"href":"https:\/\/www.cordobatimes.com\/showup\/wp-json\/wp\/v2\/posts"}],"about":[{"href":"https:\/\/www.cordobatimes.com\/showup\/wp-json\/wp\/v2\/types\/post"}],"author":[{"embeddable":true,"href":"https:\/\/www.cordobatimes.com\/showup\/wp-json\/wp\/v2\/users\/1"}],"replies":[{"embeddable":true,"href":"https:\/\/www.cordobatimes.com\/showup\/wp-json\/wp\/v2\/comments?post=60235"}],"version-history":[{"count":0,"href":"https:\/\/www.cordobatimes.com\/showup\/wp-json\/wp\/v2\/posts\/60235\/revisions"}],"wp:featuredmedia":[{"embeddable":true,"href":"https:\/\/www.cordobatimes.com\/showup\/wp-json\/wp\/v2\/media\/60236"}],"wp:attachment":[{"href":"https:\/\/www.cordobatimes.com\/showup\/wp-json\/wp\/v2\/media?parent=60235"}],"wp:term":[{"taxonomy":"category","embeddable":true,"href":"https:\/\/www.cordobatimes.com\/showup\/wp-json\/wp\/v2\/categories?post=60235"},{"taxonomy":"post_tag","embeddable":true,"href":"https:\/\/www.cordobatimes.com\/showup\/wp-json\/wp\/v2\/tags?post=60235"}],"curies":[{"name":"wp","href":"https:\/\/api.w.org\/{rel}","templated":true}]}}