{"id":60226,"date":"2018-06-09T11:20:42","date_gmt":"2018-06-09T14:20:42","guid":{"rendered":"http:\/\/www.cordobatimes.com\/showup\/?p=60226"},"modified":"2020-06-30T21:21:43","modified_gmt":"2020-07-01T00:21:43","slug":"escucha-el-primer-corte-del-disco-inedito-de-prince-que-sale-a-la-venta-en-septiembre","status":"publish","type":"post","link":"https:\/\/www.cordobatimes.com\/showup\/musica\/2018\/06\/09\/escucha-el-primer-corte-del-disco-inedito-de-prince-que-sale-a-la-venta-en-septiembre\/","title":{"rendered":"Escuch\u00e1 el primer corte del disco in\u00e9dito de Prince que sale a la venta en septiembre"},"content":{"rendered":"<h3><strong>Los temas registrados en piano y voz fueron grabados en su propio estudio. \u00abMary Don&#8217;t You Weep\u00bb, es el primer tema que se puede o\u00edr.<\/strong><\/h3>\n<p>En septiembre saldr\u00e1 a la venta\u00a0Piano &amp; A Microphone 1983, un nuevo disco p\u00f3stumo de\u00a0Prince grabado en su propio estudio.<\/p>\n<p>El disco contendr\u00e1 9 versiones in\u00e9ditas de canciones que Prince grab\u00f3 a piano y voz en el a\u00f1o 1983. El \u00e1lbum saldr\u00e1 a la venta el 21 de septiembre en formato CD, vinilo, digital y una versi\u00f3n deluxe que incluir\u00e1 un disco compacto, uno de pasta y un cuaderno con\u00a0 notas del ingeniero Don Batts, as\u00ed como tambi\u00e9n fotograf\u00edas nunca antes vistas del cantante.<\/p>\n<p>\u201cEsta grabaci\u00f3n cruda e \u00edntima, que tuvo lugar al inicio de la carrera de Prince justo antes de alcanzar el estrellato internacional, es similar en formato al Piano &amp; A Microphone Tour con el que termin\u00f3 su carrera en 2016\u2033, dijo Troy Carter, consejero de entretenimiento de los herederos del artista, en un comunicado sobre este proyecto grabado en el estudio casero que el m\u00fasico ten\u00eda en su mansi\u00f3n de Chanhassen, Minnesota.<\/p>\n<p>Escuch\u00e1\u00a0Mary Don&#8217;t You Weep, la primera canci\u00f3n disponible:<\/p>\n<p><iframe loading=\"lazy\" src=\"https:\/\/open.spotify.com\/embed?uri=spotify%3Atrack%3A2oyxDkR5iLTwuP9h6lDkM5\" width=\"300\" height=\"380\" frameborder=\"0\"><\/iframe><\/p>\n","protected":false},"excerpt":{"rendered":"<p>Los temas registrados en piano y voz fueron grabados en su propio estudio. \u00abMary Don&#8217;t You Weep\u00bb, es el primer tema que se puede o\u00edr. En septiembre saldr\u00e1 a la venta\u00a0Piano &amp; A Microphone 1983, un nuevo disco p\u00f3stumo de\u00a0Prince grabado en su propio estudio. El disco contendr\u00e1 9 versiones in\u00e9ditas de canciones que Prince [&hellip;]<\/p>\n","protected":false},"author":1,"featured_media":60227,"comment_status":"closed","ping_status":"closed","sticky":false,"template":"","format":"standard","meta":{"_seopress_robots_primary_cat":"","_seopress_titles_title":"","_seopress_titles_desc":"","_seopress_robots_index":"","footnotes":""},"categories":[5],"tags":[22145,22148,22144],"class_list":{"0":"post-60226","1":"post","2":"type-post","3":"status-publish","4":"format-standard","5":"has-post-thumbnail","7":"category-musica","8":"tag-disco-inedito-de-prince","9":"tag-disco-postumo-de-prince","10":"tag-primer-corte-del-disco-inedito-de-prince"},"_links":{"self":[{"href":"https:\/\/www.cordobatimes.com\/showup\/wp-json\/wp\/v2\/posts\/60226","targetHints":{"allow":["GET"]}}],"collection":[{"href":"https:\/\/www.cordobatimes.com\/showup\/wp-json\/wp\/v2\/posts"}],"about":[{"href":"https:\/\/www.cordobatimes.com\/showup\/wp-json\/wp\/v2\/types\/post"}],"author":[{"embeddable":true,"href":"https:\/\/www.cordobatimes.com\/showup\/wp-json\/wp\/v2\/users\/1"}],"replies":[{"embeddable":true,"href":"https:\/\/www.cordobatimes.com\/showup\/wp-json\/wp\/v2\/comments?post=60226"}],"version-history":[{"count":0,"href":"https:\/\/www.cordobatimes.com\/showup\/wp-json\/wp\/v2\/posts\/60226\/revisions"}],"wp:featuredmedia":[{"embeddable":true,"href":"https:\/\/www.cordobatimes.com\/showup\/wp-json\/wp\/v2\/media\/60227"}],"wp:attachment":[{"href":"https:\/\/www.cordobatimes.com\/showup\/wp-json\/wp\/v2\/media?parent=60226"}],"wp:term":[{"taxonomy":"category","embeddable":true,"href":"https:\/\/www.cordobatimes.com\/showup\/wp-json\/wp\/v2\/categories?post=60226"},{"taxonomy":"post_tag","embeddable":true,"href":"https:\/\/www.cordobatimes.com\/showup\/wp-json\/wp\/v2\/tags?post=60226"}],"curies":[{"name":"wp","href":"https:\/\/api.w.org\/{rel}","templated":true}]}}