{"id":60195,"date":"2018-06-07T12:44:12","date_gmt":"2018-06-07T15:44:12","guid":{"rendered":"http:\/\/www.cordobatimes.com\/showup\/?p=60195"},"modified":"2020-06-30T21:44:28","modified_gmt":"2020-07-01T00:44:28","slug":"no-es-hora-de-que-llegue-a-su-fin-netflix-anuncio-la-tercera-temporada-de-13-reasons-why","status":"publish","type":"post","link":"https:\/\/www.cordobatimes.com\/showup\/cine-y-series\/2018\/06\/07\/no-es-hora-de-que-llegue-a-su-fin-netflix-anuncio-la-tercera-temporada-de-13-reasons-why\/","title":{"rendered":"\u00bfNo es hora de que llegue a su fin?: Netflix anunci\u00f3 la tercera temporada de \u00ab13 Reasons Why\u00bb"},"content":{"rendered":"<h3><strong>Despu\u00e9s de el\u00a0pol\u00e9mico final de la segunda temporada, la plataforma por streaming hizo p\u00fablico que pr\u00f3ximamente estrenar\u00e1 una tercera temporada de la serie.\u00a0<\/strong><\/h3>\n<p>Aunque no se detall\u00f3 la fecha exacta del lanzamiento, se sabe que habr\u00e1 que esperar hasta el 2019 y que contar\u00e1 con 13 episodios. La noticia no fue del todo sorpresiva, dado que el cierre de la\u00a0segunda entrega\u00a0dej\u00f3 varias historias abiertas.<\/p>\n<p><iframe loading=\"lazy\" src=\"https:\/\/www.youtube.com\/embed\/yNOAs3poxMw\" width=\"560\" height=\"315\" frameborder=\"0\" allowfullscreen=\"allowfullscreen\"><\/iframe><\/p>\n","protected":false},"excerpt":{"rendered":"<p>Despu\u00e9s de el\u00a0pol\u00e9mico final de la segunda temporada, la plataforma por streaming hizo p\u00fablico que pr\u00f3ximamente estrenar\u00e1 una tercera temporada de la serie.\u00a0 Aunque no se detall\u00f3 la fecha exacta del lanzamiento, se sabe que habr\u00e1 que esperar hasta el 2019 y que contar\u00e1 con 13 episodios. La noticia no fue del todo sorpresiva, dado [&hellip;]<\/p>\n","protected":false},"author":1,"featured_media":60196,"comment_status":"closed","ping_status":"closed","sticky":false,"template":"","format":"standard","meta":{"_seopress_robots_primary_cat":"","_seopress_titles_title":"","_seopress_titles_desc":"","_seopress_robots_index":"","footnotes":""},"categories":[3],"tags":[22123],"class_list":{"0":"post-60195","1":"post","2":"type-post","3":"status-publish","4":"format-standard","5":"has-post-thumbnail","7":"category-cine-y-series","8":"tag-tercera-temporada-de-13-reasons-why"},"_links":{"self":[{"href":"https:\/\/www.cordobatimes.com\/showup\/wp-json\/wp\/v2\/posts\/60195","targetHints":{"allow":["GET"]}}],"collection":[{"href":"https:\/\/www.cordobatimes.com\/showup\/wp-json\/wp\/v2\/posts"}],"about":[{"href":"https:\/\/www.cordobatimes.com\/showup\/wp-json\/wp\/v2\/types\/post"}],"author":[{"embeddable":true,"href":"https:\/\/www.cordobatimes.com\/showup\/wp-json\/wp\/v2\/users\/1"}],"replies":[{"embeddable":true,"href":"https:\/\/www.cordobatimes.com\/showup\/wp-json\/wp\/v2\/comments?post=60195"}],"version-history":[{"count":0,"href":"https:\/\/www.cordobatimes.com\/showup\/wp-json\/wp\/v2\/posts\/60195\/revisions"}],"wp:featuredmedia":[{"embeddable":true,"href":"https:\/\/www.cordobatimes.com\/showup\/wp-json\/wp\/v2\/media\/60196"}],"wp:attachment":[{"href":"https:\/\/www.cordobatimes.com\/showup\/wp-json\/wp\/v2\/media?parent=60195"}],"wp:term":[{"taxonomy":"category","embeddable":true,"href":"https:\/\/www.cordobatimes.com\/showup\/wp-json\/wp\/v2\/categories?post=60195"},{"taxonomy":"post_tag","embeddable":true,"href":"https:\/\/www.cordobatimes.com\/showup\/wp-json\/wp\/v2\/tags?post=60195"}],"curies":[{"name":"wp","href":"https:\/\/api.w.org\/{rel}","templated":true}]}}