{"id":60183,"date":"2018-06-07T11:32:04","date_gmt":"2018-06-07T14:32:04","guid":{"rendered":"http:\/\/www.cordobatimes.com\/showup\/?p=60183"},"modified":"2020-06-30T21:47:41","modified_gmt":"2020-07-01T00:47:41","slug":"jared-leto-hara-su-propia-pelicula-como-el-guason","status":"publish","type":"post","link":"https:\/\/www.cordobatimes.com\/showup\/cine-y-series\/2018\/06\/07\/jared-leto-hara-su-propia-pelicula-como-el-guason\/","title":{"rendered":"Jared Leto har\u00e1 su propia pel\u00edcula como El Guas\u00f3n"},"content":{"rendered":"<h3><strong>Tras\u00a0\u00a0las malas cr\u00edticas recibidas con el estreno de\u00a0Escuadr\u00f3n Suicida, el actor interpretar\u00e1 al enemigo de B\u00e1tman en un filme donde ser\u00e1 protagonista.\u00a0<\/strong><\/h3>\n<p>El oscarizado\u00a0Jared Leto, que dio vida al ic\u00f3nico personaje del\u00a0Guas\u00f3n\u00a0en la pel\u00edcula\u00a0Escuadr\u00f3n Suicida\u00a0(2016), podr\u00eda volver a interpretar a este enemigo de Batman en una pel\u00edcula propia, seg\u00fan anunciaron\u00a0Hollywood Reporter\u00a0y\u00a0Variety.<\/p>\n<p>Seg\u00fan las informaciones, Leto no solo interpretar\u00eda al personaje principal, sino que tambi\u00e9n ser\u00eda productor del largometraje de la casa Warner Bros. El proyecto se encuentra a\u00fan en las primeras fases de planificaci\u00f3n, se\u00f1alaron.<\/p>\n<p>Warner Bros. ya contaba en sus planes con otra pel\u00edcula centrada en el Joker: el a\u00f1o pasado el estudio anunci\u00f3 un proyecto sobre este malvado personaje bajo la direcci\u00f3n del cineasta Todd Phillips (\u00abHangover\u00bb) y con el actor Joaquin Phoenix. A\u00fan no se sabe cu\u00e1ndo comenzar\u00e1 el rodaje de ninguna de las dos pel\u00edculas.<\/p>\n<p>El personaje de comic Herley Quinn, interpretado por Margot Robbie, tambi\u00e9n tendr\u00e1 una pel\u00edcula propia bajo las \u00f3rdenes de la directora Cathy Yan. Robbie ya se meti\u00f3 en el personaje de Quinn en \u00abSuicide Squad\u00bb.<\/p>\n","protected":false},"excerpt":{"rendered":"<p>Tras\u00a0\u00a0las malas cr\u00edticas recibidas con el estreno de\u00a0Escuadr\u00f3n Suicida, el actor interpretar\u00e1 al enemigo de B\u00e1tman en un filme donde ser\u00e1 protagonista.\u00a0 El oscarizado\u00a0Jared Leto, que dio vida al ic\u00f3nico personaje del\u00a0Guas\u00f3n\u00a0en la pel\u00edcula\u00a0Escuadr\u00f3n Suicida\u00a0(2016), podr\u00eda volver a interpretar a este enemigo de Batman en una pel\u00edcula propia, seg\u00fan anunciaron\u00a0Hollywood Reporter\u00a0y\u00a0Variety. Seg\u00fan las informaciones, Leto [&hellip;]<\/p>\n","protected":false},"author":1,"featured_media":60184,"comment_status":"closed","ping_status":"closed","sticky":false,"template":"","format":"standard","meta":{"_seopress_robots_primary_cat":"","_seopress_titles_title":"","_seopress_titles_desc":"","_seopress_robots_index":"","footnotes":""},"categories":[3],"tags":[32086],"class_list":{"0":"post-60183","1":"post","2":"type-post","3":"status-publish","4":"format-standard","5":"has-post-thumbnail","7":"category-cine-y-series","8":"tag-jared-leto-pelicula-como-el-guason"},"_links":{"self":[{"href":"https:\/\/www.cordobatimes.com\/showup\/wp-json\/wp\/v2\/posts\/60183","targetHints":{"allow":["GET"]}}],"collection":[{"href":"https:\/\/www.cordobatimes.com\/showup\/wp-json\/wp\/v2\/posts"}],"about":[{"href":"https:\/\/www.cordobatimes.com\/showup\/wp-json\/wp\/v2\/types\/post"}],"author":[{"embeddable":true,"href":"https:\/\/www.cordobatimes.com\/showup\/wp-json\/wp\/v2\/users\/1"}],"replies":[{"embeddable":true,"href":"https:\/\/www.cordobatimes.com\/showup\/wp-json\/wp\/v2\/comments?post=60183"}],"version-history":[{"count":0,"href":"https:\/\/www.cordobatimes.com\/showup\/wp-json\/wp\/v2\/posts\/60183\/revisions"}],"wp:featuredmedia":[{"embeddable":true,"href":"https:\/\/www.cordobatimes.com\/showup\/wp-json\/wp\/v2\/media\/60184"}],"wp:attachment":[{"href":"https:\/\/www.cordobatimes.com\/showup\/wp-json\/wp\/v2\/media?parent=60183"}],"wp:term":[{"taxonomy":"category","embeddable":true,"href":"https:\/\/www.cordobatimes.com\/showup\/wp-json\/wp\/v2\/categories?post=60183"},{"taxonomy":"post_tag","embeddable":true,"href":"https:\/\/www.cordobatimes.com\/showup\/wp-json\/wp\/v2\/tags?post=60183"}],"curies":[{"name":"wp","href":"https:\/\/api.w.org\/{rel}","templated":true}]}}