{"id":60180,"date":"2018-06-07T10:43:48","date_gmt":"2018-06-07T13:43:48","guid":{"rendered":"http:\/\/www.cordobatimes.com\/showup\/?p=60180"},"modified":"2020-06-30T21:48:13","modified_gmt":"2020-07-01T00:48:13","slug":"se-filtro-el-nuevo-tema-que-une-a-shakira-y-maluma-clandestino","status":"publish","type":"post","link":"https:\/\/www.cordobatimes.com\/showup\/musica\/2018\/06\/07\/se-filtro-el-nuevo-tema-que-une-a-shakira-y-maluma-clandestino\/","title":{"rendered":"Se filtr\u00f3 el nuevo tema que une a Shakira y Maluma \u00abClandestino\u00bb"},"content":{"rendered":"<h3><strong>La fecha del estreno del tema es el 8 de junio, pero ante la aparici\u00f3n de la canci\u00f3n en internet los fan\u00e1ticos se encargaron de viralizar algunas partes en redes sociales.<\/strong><\/h3>\n<p>Los cantantes colombianos\u00a0Shakira\u00a0y\u00a0Maluma\u00a0volvieron a unir sus voces en una tercera colaboraci\u00f3n para una canci\u00f3n con el nombre \u00abClandestino\u00bb, que se filtr\u00f3 hoy en Internet dos d\u00edas antes de su lanzamiento oficial.<\/p>\n<p>La fecha del estreno del tema es el 8 de junio, pero ante la aparici\u00f3n de la canci\u00f3n en internet los fan\u00e1ticos se encargaron de viralizar algunas partes en redes sociales, manifestando su expectativa por esta nueva entrega.<\/p>\n<p>Ninguno de los artistas o las casas discogr\u00e1ficas se han pronunciado ante la filtraci\u00f3n del tema y tampoco se conoce si la canci\u00f3n contar\u00e1 con un video.<\/p>\n<p>Shakira y Maluma ya hab\u00edan colaborado en el pasado con el \u00e9xito mundial \u00abChantaje\u00bb, que supera los 2.180 millones de reproducciones en YouTube, y m\u00e1s recientemente con el tema titulado \u00abTrap\u00bb.<\/p>\n<p>\u00abCuando me encuentro con un productor en el estudio es como una cita a ciegas. Pero lo que encontr\u00e9 con Maluma fue qu\u00edmica absoluta. En el momento en que la energ\u00eda creativa comenz\u00f3 a fluir, nunca se detuvo\u00bb, coment\u00f3 Shakira tras trabajar por primera vez con Maluma.<\/p>\n<p>Shakira inici\u00f3 la semana pasada su gira \u00abEl Dorado World Tour\u00bb tras siete a\u00f1os fuera de los escenarios. La serie de conciertos lleva el t\u00edtulo de su m\u00e1s reciente \u00e1lbum, de donde se desprenden sencillos conocidos como \u00abMe enamor\u00e9\u00bb y \u00abLa bicicleta\u00bb.<\/p>\n<p>Por su parte, Maluma lanz\u00f3 recientemente su \u00e1lbum FAME, del cual ya ha dejado conocer \u00abCoraz\u00f3n\u00bb, \u00abEl Pr\u00e9stamo\u00bb y \u00abMarinero\u00bb.<\/p>\n<p><iframe loading=\"lazy\" src=\"https:\/\/www.youtube.com\/embed\/1zExGN4gbjA\" width=\"560\" height=\"315\" frameborder=\"0\" allowfullscreen=\"allowfullscreen\"><\/iframe><\/p>\n","protected":false},"excerpt":{"rendered":"<p>La fecha del estreno del tema es el 8 de junio, pero ante la aparici\u00f3n de la canci\u00f3n en internet los fan\u00e1ticos se encargaron de viralizar algunas partes en redes sociales. Los cantantes colombianos\u00a0Shakira\u00a0y\u00a0Maluma\u00a0volvieron a unir sus voces en una tercera colaboraci\u00f3n para una canci\u00f3n con el nombre \u00abClandestino\u00bb, que se filtr\u00f3 hoy en Internet [&hellip;]<\/p>\n","protected":false},"author":1,"featured_media":60181,"comment_status":"closed","ping_status":"closed","sticky":false,"template":"","format":"standard","meta":{"_seopress_robots_primary_cat":"","_seopress_titles_title":"","_seopress_titles_desc":"","_seopress_robots_index":"","footnotes":""},"categories":[5],"tags":[22110,32087],"class_list":{"0":"post-60180","1":"post","2":"type-post","3":"status-publish","4":"format-standard","5":"has-post-thumbnail","7":"category-musica","8":"tag-shakira-y-maluma","9":"tag-shakira-y-maluma-clandestino"},"_links":{"self":[{"href":"https:\/\/www.cordobatimes.com\/showup\/wp-json\/wp\/v2\/posts\/60180","targetHints":{"allow":["GET"]}}],"collection":[{"href":"https:\/\/www.cordobatimes.com\/showup\/wp-json\/wp\/v2\/posts"}],"about":[{"href":"https:\/\/www.cordobatimes.com\/showup\/wp-json\/wp\/v2\/types\/post"}],"author":[{"embeddable":true,"href":"https:\/\/www.cordobatimes.com\/showup\/wp-json\/wp\/v2\/users\/1"}],"replies":[{"embeddable":true,"href":"https:\/\/www.cordobatimes.com\/showup\/wp-json\/wp\/v2\/comments?post=60180"}],"version-history":[{"count":0,"href":"https:\/\/www.cordobatimes.com\/showup\/wp-json\/wp\/v2\/posts\/60180\/revisions"}],"wp:featuredmedia":[{"embeddable":true,"href":"https:\/\/www.cordobatimes.com\/showup\/wp-json\/wp\/v2\/media\/60181"}],"wp:attachment":[{"href":"https:\/\/www.cordobatimes.com\/showup\/wp-json\/wp\/v2\/media?parent=60180"}],"wp:term":[{"taxonomy":"category","embeddable":true,"href":"https:\/\/www.cordobatimes.com\/showup\/wp-json\/wp\/v2\/categories?post=60180"},{"taxonomy":"post_tag","embeddable":true,"href":"https:\/\/www.cordobatimes.com\/showup\/wp-json\/wp\/v2\/tags?post=60180"}],"curies":[{"name":"wp","href":"https:\/\/api.w.org\/{rel}","templated":true}]}}