{"id":60110,"date":"2018-06-01T09:53:10","date_gmt":"2018-06-01T12:53:10","guid":{"rendered":"http:\/\/www.cordobatimes.com\/showup\/?p=60110"},"modified":"2020-06-30T22:11:25","modified_gmt":"2020-07-01T01:11:25","slug":"tom-cruise-vuelve-al-cine-y-revela-foto-de-top-gun-maverick","status":"publish","type":"post","link":"https:\/\/www.cordobatimes.com\/showup\/cine-y-series\/2018\/06\/01\/tom-cruise-vuelve-al-cine-y-revela-foto-de-top-gun-maverick\/","title":{"rendered":"Tom Cruise vuelve al cine y revela foto de \u00abTop Gun: Maverick\u00bb"},"content":{"rendered":"<h3><strong>Regresa.\u00a0Tom Cruise\u00a0mostr\u00f3 adelanto del primer d\u00eda de rodaje de secuela de la emblem\u00e1tica\u00a0pel\u00edcula\u00a0que vio la luz en 1986.<\/strong><\/h3>\n<p>Esta vez el estreno de la segunda parte est\u00e1 previsto para julio de 2019 con su protagonista convertido en un instructor de vuelo en tiempos de la\u00a0tecnolog\u00eda.<\/p>\n<p>\u201cSent\u00ed la necesidad\u201d. Esa fue la frase que eligi\u00f3 el actor\u00a0Tom Cruisepara revelar la primera imagen de la secuela de\u00a0Top Gun, cuyo t\u00edtulo es, al menos por ahora, el nombre de su personaje, \u2018Maverick\u2019.<\/p>\n<p>Seg\u00fan\u00a0Variety, aunque se desconoce la trama de\u00a0Top Gun: Maverick, se cree que el personaje de\u00a0Tom Cruise\u00a0ser\u00e1 un instructor de vuelo en tiempos en los que la aviaci\u00f3n militar ha cambiado radicalmente, incorporando el vuelo de drones y otros desarrollos tecnol\u00f3gicos que eran impensables en 1986, cuando el film de Tony Scott mostr\u00f3 el hipercompetitivo mundo de las escuelas de vuelo militares.<\/p>\n<p>En aquel tiempo, Val Kilmer , Kelly McGillis y Anthony Edwards acompa\u00f1aron a\u00a0Tom Cruise\u00a0en la\u00a0pel\u00edcula, que gan\u00f3 el \u00d3scar a la mejor canci\u00f3n original por \u201cTake My Breath Away\u201d, de Giorgio Moroder y Tom Whitlock, interpretado por Berlin.<\/p>\n<p>Esta vez el actor envi\u00f3 un tuit con una imagen con la leyenda \u201cD\u00eda 1\u201d por tratarse del primer d\u00eda del rodaje. En la foto aparece personificando nuevamente al teniente Pete Mitchell, (Maverick), mirando su avi\u00f3n F-14A Tomcat, y con la leyenda que dice \u201cFeel the need\u201d (siento la necesidad), aludiendo a una de las frases m\u00e1s populares de la cinta \u2013 \u201cI feel the need, the need for speed\u201d (siento la necesidad, la necesidad de la velocidad).<\/p>\n<p>La cinta estar\u00e1 a cargo de Joseph Kosinski, quien ya dirigi\u00f3 a\u00a0Tom Cruise\u00a0en\u00a0Oblivion.<\/p>\n<p>El estreno est\u00e1 previsto para el 12 de julio del 2019 en los Estados Unidos.<\/p>\n<p>La pel\u00edcula original se centraba en la historia del intr\u00e9pido Pete \u201cMaverick\u201d Mitchell, piloto que recibe entrenamiento en una escuela de \u00e9lite conocida como\u00a0\u201cTop Gun\u201d, donde tambi\u00e9n debe lidiar con su pasado: la imagen dejada por su padre piloto y que por errores que cometi\u00f3 en la Guerra de Vietnam desapareci\u00f3 en combate. En medio de eso, el protagonista tambi\u00e9n conoce el amor, con su profesora, \u201cCharlie\u201d Blackwood (Kelly McGillis). La cinta marc\u00f3 a toda una generaci\u00f3n por su banda sonora.<\/p>\n<p><img alt=\"\" loading=\"lazy\" decoding=\"async\" class=\"alignnone size-full wp-image-60112\" src=\"http:\/\/www.cordobatimes.com\/showup\/wp-content\/uploads\/2018\/06\/tom-cruise-vuelve-como-maverick-c453f987f17247f4d94e554a01d697c7.jpg\" alt=\"\" width=\"1000\" height=\"600\" srcset=\"https:\/\/www.cordobatimes.com\/showup\/wp-content\/uploads\/2018\/06\/tom-cruise-vuelve-como-maverick-c453f987f17247f4d94e554a01d697c7.jpg 1000w, https:\/\/www.cordobatimes.com\/showup\/wp-content\/uploads\/2018\/06\/tom-cruise-vuelve-como-maverick-c453f987f17247f4d94e554a01d697c7-700x420.jpg 700w, https:\/\/www.cordobatimes.com\/showup\/wp-content\/uploads\/2018\/06\/tom-cruise-vuelve-como-maverick-c453f987f17247f4d94e554a01d697c7-768x461.jpg 768w, https:\/\/www.cordobatimes.com\/showup\/wp-content\/uploads\/2018\/06\/tom-cruise-vuelve-como-maverick-c453f987f17247f4d94e554a01d697c7-400x240.jpg 400w\" sizes=\"auto, (max-width: 1000px) 100vw, 1000px\" \/><\/p>\n","protected":false},"excerpt":{"rendered":"<p>Regresa.\u00a0Tom Cruise\u00a0mostr\u00f3 adelanto del primer d\u00eda de rodaje de secuela de la emblem\u00e1tica\u00a0pel\u00edcula\u00a0que vio la luz en 1986. Esta vez el estreno de la segunda parte est\u00e1 previsto para julio de 2019 con su protagonista convertido en un instructor de vuelo en tiempos de la\u00a0tecnolog\u00eda. \u201cSent\u00ed la necesidad\u201d. Esa fue la frase que eligi\u00f3 el [&hellip;]<\/p>\n","protected":false},"author":1,"featured_media":60111,"comment_status":"closed","ping_status":"closed","sticky":false,"template":"","format":"standard","meta":{"_seopress_robots_primary_cat":"","_seopress_titles_title":"","_seopress_titles_desc":"","_seopress_robots_index":"","footnotes":""},"categories":[3],"tags":[32090],"class_list":{"0":"post-60110","1":"post","2":"type-post","3":"status-publish","4":"format-standard","5":"has-post-thumbnail","7":"category-cine-y-series","8":"tag-tom-cruise-top-gun-maverick"},"_links":{"self":[{"href":"https:\/\/www.cordobatimes.com\/showup\/wp-json\/wp\/v2\/posts\/60110","targetHints":{"allow":["GET"]}}],"collection":[{"href":"https:\/\/www.cordobatimes.com\/showup\/wp-json\/wp\/v2\/posts"}],"about":[{"href":"https:\/\/www.cordobatimes.com\/showup\/wp-json\/wp\/v2\/types\/post"}],"author":[{"embeddable":true,"href":"https:\/\/www.cordobatimes.com\/showup\/wp-json\/wp\/v2\/users\/1"}],"replies":[{"embeddable":true,"href":"https:\/\/www.cordobatimes.com\/showup\/wp-json\/wp\/v2\/comments?post=60110"}],"version-history":[{"count":0,"href":"https:\/\/www.cordobatimes.com\/showup\/wp-json\/wp\/v2\/posts\/60110\/revisions"}],"wp:featuredmedia":[{"embeddable":true,"href":"https:\/\/www.cordobatimes.com\/showup\/wp-json\/wp\/v2\/media\/60111"}],"wp:attachment":[{"href":"https:\/\/www.cordobatimes.com\/showup\/wp-json\/wp\/v2\/media?parent=60110"}],"wp:term":[{"taxonomy":"category","embeddable":true,"href":"https:\/\/www.cordobatimes.com\/showup\/wp-json\/wp\/v2\/categories?post=60110"},{"taxonomy":"post_tag","embeddable":true,"href":"https:\/\/www.cordobatimes.com\/showup\/wp-json\/wp\/v2\/tags?post=60110"}],"curies":[{"name":"wp","href":"https:\/\/api.w.org\/{rel}","templated":true}]}}