{"id":60082,"date":"2018-05-30T11:12:06","date_gmt":"2018-05-30T14:12:06","guid":{"rendered":"http:\/\/www.cordobatimes.com\/showup\/?p=60082"},"modified":"2020-06-24T20:53:29","modified_gmt":"2020-06-24T23:53:29","slug":"los-premios-gardel-2018","status":"publish","type":"post","link":"https:\/\/www.cordobatimes.com\/showup\/musica\/2018\/05\/30\/los-premios-gardel-2018\/","title":{"rendered":"Los Premios Gardel 2018"},"content":{"rendered":"<h3><strong>El gran ganador fue Charly Garc\u00eda con su disco Random.\u00a0<\/strong><\/h3>\n<p>En la noche del martes la industria de la m\u00fasica local premi\u00f3 a los grandes logros del a\u00f1o en materia musical. La entrega de galardones cumpl\u00eda adem\u00e1s 20 a\u00f1os este 2018.<\/p>\n<p>La premiaci\u00f3n se concret\u00f3 mediante una doble ceremonia en el Centro Cultural Kirchner (CCK). Una se hizo en la sala Argentina desde las 18; la otra, se realiz\u00f3 pasadas las 22 en la sala Sinf\u00f3nica.<\/p>\n<p>La primera parte sirvi\u00f3 para premiar la Mejor producci\u00f3n del a\u00f1o; Mejor banda de rock; Mejor banda de cuarteto; Mejor videoclip; Mejor \u00e1lbum orquesta de tango, entre muchas otras ternas. Las ternas centrales se premiaron despu\u00e9s de las 22 y el gran ganador de la noche fue Charly Garc\u00eda con seis estatuillas. En segundo lugar estuvieron Luciano Pereyra y Axel.<\/p>\n<p>Tambi\u00e9n fueron premiados, Soda Stereo, Los Fabulosos Cadillacs, Los Pericos, Miranda!, Dante Spinetta, Jimena Bar\u00f3n y Huevo.<\/p>\n<p>Para la categor\u00eda Canci\u00f3n del A\u00f1o, cuya resoluci\u00f3n depend\u00eda del voto del p\u00fablico compet\u00edan Charly Garc\u00eda, Axel, Luciano Pereyra, Teresa Parodi y Dante Spinetta. El ganador fue Axel.<\/p>\n<blockquote class=\"twitter-tweet\" data-lang=\"es\">\n<p dir=\"ltr\" lang=\"es\"><a href=\"https:\/\/twitter.com\/hashtag\/PremiosGardel2018?src=hash&amp;ref_src=twsrc%5Etfw\">#PremiosGardel2018<\/a> | \u00abAire\u00bb de <a href=\"https:\/\/twitter.com\/AxelOficial?ref_src=twsrc%5Etfw\">@AxelOficial<\/a>, fue elegida la <a href=\"https:\/\/twitter.com\/hashtag\/Canci%C3%B3nDelA%C3%B1o?src=hash&amp;ref_src=twsrc%5Etfw\">#Canci\u00f3nDelA\u00f1o<\/a> votada por el p\u00fablico. <a href=\"https:\/\/t.co\/zkxJKfiANN\">pic.twitter.com\/zkxJKfiANN<\/a><\/p>\n<p>\u2014 TV P\u00fablica Argentina (@TV_Publica) <a href=\"https:\/\/twitter.com\/TV_Publica\/status\/1001663969411588096?ref_src=twsrc%5Etfw\">30 de mayo de 2018<\/a><\/p><\/blockquote>\n<p><script async src=\"https:\/\/platform.twitter.com\/widgets.js\" charset=\"utf-8\"><\/script><\/p>\n<blockquote class=\"twitter-tweet\" data-lang=\"es\">\n<p dir=\"ltr\" lang=\"es\"><a href=\"https:\/\/twitter.com\/hashtag\/PremiosGardel2018?src=hash&amp;ref_src=twsrc%5Etfw\">#PremiosGardel2018<\/a> | \u00a1El Gardel a <a href=\"https:\/\/twitter.com\/hashtag\/Mejor%C3%81lbumArtistaMasculinoPop?src=hash&amp;ref_src=twsrc%5Etfw\">#Mejor\u00c1lbumArtistaMasculinoPop<\/a> se lo lleva <a href=\"https:\/\/twitter.com\/LucianoPereyra?ref_src=twsrc%5Etfw\">@LucianoPereyra<\/a> por \u201cLa Vida al viento\u201d! <a href=\"https:\/\/t.co\/RNbzkz3mY5\">pic.twitter.com\/RNbzkz3mY5<\/a><\/p>\n<p>\u2014 TV P\u00fablica Argentina (@TV_Publica) <a href=\"https:\/\/twitter.com\/TV_Publica\/status\/1001662254557753344?ref_src=twsrc%5Etfw\">30 de mayo de 2018<\/a><\/p><\/blockquote>\n<p><script async src=\"https:\/\/platform.twitter.com\/widgets.js\" charset=\"utf-8\"><\/script><\/p>\n<blockquote class=\"twitter-tweet\" data-lang=\"es\">\n<p dir=\"ltr\" lang=\"es\"><a href=\"https:\/\/twitter.com\/hashtag\/PremiosGardel2018?src=hash&amp;ref_src=twsrc%5Etfw\">#PremiosGardel2018<\/a> | Felicitaciones al gran <a href=\"https:\/\/twitter.com\/hashtag\/CharlyGarcia?src=hash&amp;ref_src=twsrc%5Etfw\">#CharlyGarcia<\/a> por el Gardel a <a href=\"https:\/\/twitter.com\/hashtag\/Mejor%C3%81lbumArtistaMasculinoDeRock?src=hash&amp;ref_src=twsrc%5Etfw\">#Mejor\u00c1lbumArtistaMasculinoDeRock<\/a> con su \u00e1lbum \u201cRandom\u201d <a href=\"https:\/\/t.co\/Iubva0kINJ\">pic.twitter.com\/Iubva0kINJ<\/a><\/p>\n<p>\u2014 TV P\u00fablica Argentina (@TV_Publica) <a href=\"https:\/\/twitter.com\/TV_Publica\/status\/1001652186500161536?ref_src=twsrc%5Etfw\">30 de mayo de 2018<\/a><\/p><\/blockquote>\n<p><script async src=\"https:\/\/platform.twitter.com\/widgets.js\" charset=\"utf-8\"><\/script><\/p>\n<blockquote class=\"twitter-tweet\" data-lang=\"es\">\n<p dir=\"ltr\" lang=\"es\"><a href=\"https:\/\/twitter.com\/hashtag\/PremiosGardel2018?src=hash&amp;ref_src=twsrc%5Etfw\">#PremiosGardel2018<\/a> | El Gardel a <a href=\"https:\/\/twitter.com\/hashtag\/Mejor%C3%81lbumConceptual?src=hash&amp;ref_src=twsrc%5Etfw\">#Mejor\u00c1lbumConceptual<\/a> se lo lleva <a href=\"https:\/\/twitter.com\/SodaStereoWeb?ref_src=twsrc%5Etfw\">@sodastereoweb<\/a> por el disco \u201cS\u00e9p7timo d\u00eda\u201d <a href=\"https:\/\/t.co\/OpiWOJdQzK\">pic.twitter.com\/OpiWOJdQzK<\/a><\/p>\n<p>\u2014 TV P\u00fablica Argentina (@TV_Publica) <a href=\"https:\/\/twitter.com\/TV_Publica\/status\/1001658641789796352?ref_src=twsrc%5Etfw\">30 de mayo de 2018<\/a><\/p><\/blockquote>\n<p><script async src=\"https:\/\/platform.twitter.com\/widgets.js\" charset=\"utf-8\"><\/script><\/p>\n<blockquote class=\"twitter-tweet\" data-lang=\"es\">\n<p dir=\"ltr\" lang=\"es\"><a href=\"https:\/\/twitter.com\/hashtag\/PremiosGardel2018?src=hash&amp;ref_src=twsrc%5Etfw\">#PremiosGardel2018<\/a> | El Gardel a <a href=\"https:\/\/twitter.com\/hashtag\/Mejor%C3%81lbumArtistaFemeninaDeRock?src=hash&amp;ref_src=twsrc%5Etfw\">#Mejor\u00c1lbumArtistaFemeninaDeRock<\/a> se lo lleva <a href=\"https:\/\/twitter.com\/FabianaCantilo?ref_src=twsrc%5Etfw\">@FabianaCantilo<\/a> <a href=\"https:\/\/t.co\/jDRvkfYPVa\">pic.twitter.com\/jDRvkfYPVa<\/a><\/p>\n<p>\u2014 TV P\u00fablica Argentina (@TV_Publica) <a href=\"https:\/\/twitter.com\/TV_Publica\/status\/1001656999958867968?ref_src=twsrc%5Etfw\">30 de mayo de 2018<\/a><\/p><\/blockquote>\n<p><script async src=\"https:\/\/platform.twitter.com\/widgets.js\" charset=\"utf-8\"><\/script><\/p>\n<blockquote class=\"twitter-tweet\" data-lang=\"es\">\n<p dir=\"ltr\" lang=\"es\"><a href=\"https:\/\/twitter.com\/hashtag\/PremiosGardel2018?src=hash&amp;ref_src=twsrc%5Etfw\">#PremiosGardel2018<\/a> | Felicitamos a <a href=\"https:\/\/twitter.com\/pericosreggae?ref_src=twsrc%5Etfw\">@pericosreggae<\/a> por el disco \u201c3000 vivos\u201d como <a href=\"https:\/\/twitter.com\/hashtag\/Mejor%C3%81lbumReggaeyM%C3%BAsicaUrbana?src=hash&amp;ref_src=twsrc%5Etfw\">#Mejor\u00c1lbumReggaeyM\u00fasicaUrbana<\/a> <a href=\"https:\/\/t.co\/7e2jLLgbsT\">pic.twitter.com\/7e2jLLgbsT<\/a><\/p>\n<p>\u2014 TV P\u00fablica Argentina (@TV_Publica) <a href=\"https:\/\/twitter.com\/TV_Publica\/status\/1001656107146727425?ref_src=twsrc%5Etfw\">30 de mayo de 2018<\/a><\/p><\/blockquote>\n<p><script async src=\"https:\/\/platform.twitter.com\/widgets.js\" charset=\"utf-8\"><\/script><\/p>\n<blockquote class=\"twitter-tweet\" data-lang=\"es\">\n<p dir=\"ltr\" lang=\"es\"><a href=\"https:\/\/twitter.com\/hashtag\/PremiosGardel2018?src=hash&amp;ref_src=twsrc%5Etfw\">#PremiosGardel2018<\/a> | El Gardel a <a href=\"https:\/\/twitter.com\/hashtag\/Mejor%C3%81lbumGrupoTropical?src=hash&amp;ref_src=twsrc%5Etfw\">#Mejor\u00c1lbumGrupoTropical<\/a> se lo llevan @lospalmerasofi por su disco \u201c45 a\u00f1os Los Palmeras\u201d <a href=\"https:\/\/t.co\/rK6dp3Jrqy\">pic.twitter.com\/rK6dp3Jrqy<\/a><\/p>\n<p>\u2014 TV P\u00fablica Argentina (@TV_Publica) <a href=\"https:\/\/twitter.com\/TV_Publica\/status\/1001651528673865728?ref_src=twsrc%5Etfw\">30 de mayo de 2018<\/a><\/p><\/blockquote>\n<p><script async src=\"https:\/\/platform.twitter.com\/widgets.js\" charset=\"utf-8\"><\/script><\/p>\n<blockquote class=\"twitter-tweet\" data-lang=\"es\">\n<p dir=\"ltr\" lang=\"es\"><a href=\"https:\/\/twitter.com\/hashtag\/PremiosGardel2018?src=hash&amp;ref_src=twsrc%5Etfw\">#PremiosGardel2018<\/a> | \u00a1<a href=\"https:\/\/twitter.com\/baronjimena?ref_src=twsrc%5Etfw\">@baronjimena<\/a> se lleva el <a href=\"https:\/\/twitter.com\/hashtag\/PremioGardel?src=hash&amp;ref_src=twsrc%5Etfw\">#PremioGardel<\/a> a <a href=\"https:\/\/twitter.com\/hashtag\/Mejor%C3%81lbumNuevoArtistaPop?src=hash&amp;ref_src=twsrc%5Etfw\">#Mejor\u00c1lbumNuevoArtistaPop<\/a> por \u201cLa tonta\u201d! <a href=\"https:\/\/t.co\/E2ssIhade6\">pic.twitter.com\/E2ssIhade6<\/a><\/p>\n<p>\u2014 TV P\u00fablica Argentina (@TV_Publica) <a href=\"https:\/\/twitter.com\/TV_Publica\/status\/1001648164783321088?ref_src=twsrc%5Etfw\">30 de mayo de 2018<\/a><\/p><\/blockquote>\n<p><script async src=\"https:\/\/platform.twitter.com\/widgets.js\" charset=\"utf-8\"><\/script><\/p>\n<blockquote class=\"twitter-tweet\" data-lang=\"es\">\n<p dir=\"ltr\" lang=\"es\"><a href=\"https:\/\/twitter.com\/hashtag\/PremiosGardel2018?src=hash&amp;ref_src=twsrc%5Etfw\">#PremiosGardel2018<\/a> | \u00a1El Gardel a <a href=\"https:\/\/twitter.com\/hashtag\/Mejor%C3%81lbumGrupoDeFolklore?src=hash&amp;ref_src=twsrc%5Etfw\">#Mejor\u00c1lbumGrupoDeFolklore<\/a> se lo llevan <a href=\"https:\/\/twitter.com\/loscarabajal?ref_src=twsrc%5Etfw\">@loscarabajal<\/a> con una inmensa trayectoria! <a href=\"https:\/\/t.co\/yzF1iVxhW5\">pic.twitter.com\/yzF1iVxhW5<\/a><\/p>\n<p>\u2014 TV P\u00fablica Argentina (@TV_Publica) <a href=\"https:\/\/twitter.com\/TV_Publica\/status\/1001633954238054400?ref_src=twsrc%5Etfw\">30 de mayo de 2018<\/a><\/p><\/blockquote>\n<p><script async src=\"https:\/\/platform.twitter.com\/widgets.js\" charset=\"utf-8\"><\/script><\/p>\n<blockquote class=\"twitter-tweet\" data-lang=\"es\">\n<p dir=\"ltr\" lang=\"es\"><a href=\"https:\/\/twitter.com\/hashtag\/PremiosGardel2018?src=hash&amp;ref_src=twsrc%5Etfw\">#PremiosGardel2018<\/a> | <a href=\"https:\/\/twitter.com\/mirandaenvivo?ref_src=twsrc%5Etfw\">@mirandaenvivo<\/a> se lleva el Gardel a <a href=\"https:\/\/twitter.com\/hashtag\/Mejor%C3%81lbumGrupoPop?src=hash&amp;ref_src=twsrc%5Etfw\">#Mejor\u00c1lbumGrupoPop<\/a> por su \u00e1lbum \u201cFuerte\u201d. <a href=\"https:\/\/t.co\/c05Lk76Yn7\">pic.twitter.com\/c05Lk76Yn7<\/a><\/p>\n<p>\u2014 TV P\u00fablica Argentina (@TV_Publica) <a href=\"https:\/\/twitter.com\/TV_Publica\/status\/1001632247126999046?ref_src=twsrc%5Etfw\">30 de mayo de 2018<\/a><\/p><\/blockquote>\n<p><script async src=\"https:\/\/platform.twitter.com\/widgets.js\" charset=\"utf-8\"><\/script><\/p>\n<blockquote class=\"twitter-tweet\" data-lang=\"es\">\n<p dir=\"ltr\" lang=\"es\"><a href=\"https:\/\/twitter.com\/hashtag\/PremiosGardel2018?src=hash&amp;ref_src=twsrc%5Etfw\">#PremiosGardel2018<\/a> | Charly se lleva el Gardel por Producci\u00f3n Del A\u00f1o \u00a1Felicitaciones! <a href=\"https:\/\/t.co\/kBTqWIIC3i\">pic.twitter.com\/kBTqWIIC3i<\/a><\/p>\n<p>\u2014 TV P\u00fablica Argentina (@TV_Publica) <a href=\"https:\/\/twitter.com\/TV_Publica\/status\/1001582910338514949?ref_src=twsrc%5Etfw\">29 de mayo de 2018<\/a><\/p><\/blockquote>\n<p><script async src=\"https:\/\/platform.twitter.com\/widgets.js\" charset=\"utf-8\"><\/script><\/p>\n","protected":false},"excerpt":{"rendered":"<p>El gran ganador fue Charly Garc\u00eda con su disco Random.\u00a0 En la noche del martes la industria de la m\u00fasica local premi\u00f3 a los grandes logros del a\u00f1o en materia musical. La entrega de galardones cumpl\u00eda adem\u00e1s 20 a\u00f1os este 2018. La premiaci\u00f3n se concret\u00f3 mediante una doble ceremonia en el Centro Cultural Kirchner (CCK). [&hellip;]<\/p>\n","protected":false},"author":1,"featured_media":60083,"comment_status":"closed","ping_status":"closed","sticky":false,"template":"","format":"standard","meta":{"_seopress_robots_primary_cat":"","_seopress_titles_title":"","_seopress_titles_desc":"","_seopress_robots_index":"","footnotes":""},"categories":[5],"tags":[22042],"class_list":{"0":"post-60082","1":"post","2":"type-post","3":"status-publish","4":"format-standard","5":"has-post-thumbnail","7":"category-musica","8":"tag-premios-gardel-2018"},"_links":{"self":[{"href":"https:\/\/www.cordobatimes.com\/showup\/wp-json\/wp\/v2\/posts\/60082","targetHints":{"allow":["GET"]}}],"collection":[{"href":"https:\/\/www.cordobatimes.com\/showup\/wp-json\/wp\/v2\/posts"}],"about":[{"href":"https:\/\/www.cordobatimes.com\/showup\/wp-json\/wp\/v2\/types\/post"}],"author":[{"embeddable":true,"href":"https:\/\/www.cordobatimes.com\/showup\/wp-json\/wp\/v2\/users\/1"}],"replies":[{"embeddable":true,"href":"https:\/\/www.cordobatimes.com\/showup\/wp-json\/wp\/v2\/comments?post=60082"}],"version-history":[{"count":0,"href":"https:\/\/www.cordobatimes.com\/showup\/wp-json\/wp\/v2\/posts\/60082\/revisions"}],"wp:featuredmedia":[{"embeddable":true,"href":"https:\/\/www.cordobatimes.com\/showup\/wp-json\/wp\/v2\/media\/60083"}],"wp:attachment":[{"href":"https:\/\/www.cordobatimes.com\/showup\/wp-json\/wp\/v2\/media?parent=60082"}],"wp:term":[{"taxonomy":"category","embeddable":true,"href":"https:\/\/www.cordobatimes.com\/showup\/wp-json\/wp\/v2\/categories?post=60082"},{"taxonomy":"post_tag","embeddable":true,"href":"https:\/\/www.cordobatimes.com\/showup\/wp-json\/wp\/v2\/tags?post=60082"}],"curies":[{"name":"wp","href":"https:\/\/api.w.org\/{rel}","templated":true}]}}