{"id":60033,"date":"2018-05-28T11:06:50","date_gmt":"2018-05-28T14:06:50","guid":{"rendered":"http:\/\/www.cordobatimes.com\/showup\/?p=60033"},"modified":"2020-06-24T21:38:43","modified_gmt":"2020-06-25T00:38:43","slug":"mes-de-estreno-y-primer-afiche-oficial-de-el-potro","status":"publish","type":"post","link":"https:\/\/www.cordobatimes.com\/showup\/cine-y-series\/2018\/05\/28\/mes-de-estreno-y-primer-afiche-oficial-de-el-potro\/","title":{"rendered":"Mes de estreno y primer afiche oficial de \u00abEl Potro\u00bb"},"content":{"rendered":"<h3><strong>Ya est\u00e1 circulando en la web el poster oficial de la pel\u00edcula inspirada en la vida de Rodrigo Bueno.<\/strong><\/h3>\n<p>El Potro: Lo mejor del amor\u00a0ya tiene poster oficial. La pel\u00edcula inspirada en la vida del cantante cordob\u00e9s,\u00a0Rodrigo Bueno, llegar\u00e1 a las salas de cine argentina en octubre, aunque a\u00fan falta definir el d\u00eda espec\u00edfico.<\/p>\n<p>El largometraje contin\u00faa film\u00e1ndose pero, mientras tanto, la producci\u00f3n comparte en sus redes sociales algunos videos y fotos de adelanto. \u00bfPara cu\u00e1ndo el tr\u00e1iler?<\/p>\n<blockquote class=\"twitter-tweet\" data-lang=\"es\">\n<p dir=\"ltr\" lang=\"es\"><a href=\"https:\/\/twitter.com\/hashtag\/MaterialExclusivo?src=hash&amp;ref_src=twsrc%5Etfw\">#MaterialExclusivo<\/a><br \/>\nPrimeros d\u00edas de rodaje <a href=\"https:\/\/twitter.com\/elpotropelicula?ref_src=twsrc%5Etfw\">@elpotropelicula<\/a> ???? <a href=\"https:\/\/twitter.com\/hashtag\/LoMejorDelAmor?src=hash&amp;ref_src=twsrc%5Etfw\">#LoMejorDelAmor<\/a> <a href=\"https:\/\/twitter.com\/Flor_de_P?ref_src=twsrc%5Etfw\">@Flor_de_P<\/a> <a href=\"https:\/\/twitter.com\/baronjimena?ref_src=twsrc%5Etfw\">@baronjimena<\/a> <a href=\"https:\/\/t.co\/YJmuGJ76wn\">pic.twitter.com\/YJmuGJ76wn<\/a><\/p>\n<p>\u2014 El Potro pelicula (@elpotropelicula) <a href=\"https:\/\/twitter.com\/elpotropelicula\/status\/998967024649998338?ref_src=twsrc%5Etfw\">22 de mayo de 2018<\/a><\/p><\/blockquote>\n<p><script async src=\"https:\/\/platform.twitter.com\/widgets.js\" charset=\"utf-8\"><\/script><\/p>\n<blockquote class=\"twitter-tweet\" data-lang=\"es\">\n<p dir=\"ltr\" lang=\"es\">Presentamos nuestro <a href=\"https:\/\/twitter.com\/hashtag\/AficheTeaser?src=hash&amp;ref_src=twsrc%5Etfw\">#AficheTeaser<\/a><br \/>\nEn Octubre llega <a href=\"https:\/\/twitter.com\/elpotropelicula?ref_src=twsrc%5Etfw\">@elpotropelicula<\/a> <a href=\"https:\/\/twitter.com\/hashtag\/LoMejorDelAmor?src=hash&amp;ref_src=twsrc%5Etfw\">#LoMejorDelAmor<\/a> ????<br \/>\ncon <a href=\"https:\/\/twitter.com\/hashtag\/RodrigoRomero?src=hash&amp;ref_src=twsrc%5Etfw\">#RodrigoRomero<\/a> <a href=\"https:\/\/twitter.com\/Flor_de_P?ref_src=twsrc%5Etfw\">@flor_de_p<\/a> <a href=\"https:\/\/twitter.com\/hashtag\/FernanMiras?src=hash&amp;ref_src=twsrc%5Etfw\">#FernanMiras<\/a> <a href=\"https:\/\/twitter.com\/hashtag\/DanielAraoz?src=hash&amp;ref_src=twsrc%5Etfw\">#DanielAraoz<\/a> <a href=\"https:\/\/twitter.com\/baronjimena?ref_src=twsrc%5Etfw\">@baronjimena<\/a> con la direcci\u00f3n de <a href=\"https:\/\/twitter.com\/hashtag\/LorenaMu%C3%B1oz?src=hash&amp;ref_src=twsrc%5Etfw\">#LorenaMu\u00f1oz<\/a> <a href=\"https:\/\/twitter.com\/miliroquepitt?ref_src=twsrc%5Etfw\">@miliroquepitt<\/a> <a href=\"https:\/\/twitter.com\/AxelKuschevatzk?ref_src=twsrc%5Etfw\">@AxelKuschevatzk<\/a> <a href=\"https:\/\/twitter.com\/acacetta?ref_src=twsrc%5Etfw\">@acacetta<\/a> <a href=\"https:\/\/twitter.com\/juanchopelosi?ref_src=twsrc%5Etfw\">@juanchopelosi<\/a> <a href=\"https:\/\/twitter.com\/peliculasdeFOX?ref_src=twsrc%5Etfw\">@peliculasdeFOX<\/a> <a href=\"https:\/\/t.co\/OF5WfagHhS\">pic.twitter.com\/OF5WfagHhS<\/a><\/p>\n<p>\u2014 El Potro pelicula (@elpotropelicula) <a href=\"https:\/\/twitter.com\/elpotropelicula\/status\/999705881121120257?ref_src=twsrc%5Etfw\">24 de mayo de 2018<\/a><\/p><\/blockquote>\n<p><script async src=\"https:\/\/platform.twitter.com\/widgets.js\" charset=\"utf-8\"><\/script><\/p>\n","protected":false},"excerpt":{"rendered":"<p>Ya est\u00e1 circulando en la web el poster oficial de la pel\u00edcula inspirada en la vida de Rodrigo Bueno. El Potro: Lo mejor del amor\u00a0ya tiene poster oficial. La pel\u00edcula inspirada en la vida del cantante cordob\u00e9s,\u00a0Rodrigo Bueno, llegar\u00e1 a las salas de cine argentina en octubre, aunque a\u00fan falta definir el d\u00eda espec\u00edfico. El [&hellip;]<\/p>\n","protected":false},"author":1,"featured_media":60034,"comment_status":"closed","ping_status":"closed","sticky":false,"template":"","format":"standard","meta":{"_seopress_robots_primary_cat":"","_seopress_titles_title":"","_seopress_titles_desc":"","_seopress_robots_index":"","footnotes":""},"categories":[3],"tags":[22012,22013],"class_list":{"0":"post-60033","1":"post","2":"type-post","3":"status-publish","4":"format-standard","5":"has-post-thumbnail","7":"category-cine-y-series","8":"tag-afiche-oficial-de-el-potro","9":"tag-pelicula-inspirada-en-la-vida-de-rodrigo-bueno"},"_links":{"self":[{"href":"https:\/\/www.cordobatimes.com\/showup\/wp-json\/wp\/v2\/posts\/60033","targetHints":{"allow":["GET"]}}],"collection":[{"href":"https:\/\/www.cordobatimes.com\/showup\/wp-json\/wp\/v2\/posts"}],"about":[{"href":"https:\/\/www.cordobatimes.com\/showup\/wp-json\/wp\/v2\/types\/post"}],"author":[{"embeddable":true,"href":"https:\/\/www.cordobatimes.com\/showup\/wp-json\/wp\/v2\/users\/1"}],"replies":[{"embeddable":true,"href":"https:\/\/www.cordobatimes.com\/showup\/wp-json\/wp\/v2\/comments?post=60033"}],"version-history":[{"count":0,"href":"https:\/\/www.cordobatimes.com\/showup\/wp-json\/wp\/v2\/posts\/60033\/revisions"}],"wp:featuredmedia":[{"embeddable":true,"href":"https:\/\/www.cordobatimes.com\/showup\/wp-json\/wp\/v2\/media\/60034"}],"wp:attachment":[{"href":"https:\/\/www.cordobatimes.com\/showup\/wp-json\/wp\/v2\/media?parent=60033"}],"wp:term":[{"taxonomy":"category","embeddable":true,"href":"https:\/\/www.cordobatimes.com\/showup\/wp-json\/wp\/v2\/categories?post=60033"},{"taxonomy":"post_tag","embeddable":true,"href":"https:\/\/www.cordobatimes.com\/showup\/wp-json\/wp\/v2\/tags?post=60033"}],"curies":[{"name":"wp","href":"https:\/\/api.w.org\/{rel}","templated":true}]}}