{"id":59992,"date":"2018-05-24T19:33:48","date_gmt":"2018-05-24T22:33:48","guid":{"rendered":"http:\/\/www.cordobatimes.com\/showup\/?p=59992"},"modified":"2020-06-24T22:13:07","modified_gmt":"2020-06-25T01:13:07","slug":"piden-que-netflix-retire-13-reasons-why-por-una-polemica-escena","status":"publish","type":"post","link":"https:\/\/www.cordobatimes.com\/showup\/cine-y-series\/2018\/05\/24\/piden-que-netflix-retire-13-reasons-why-por-una-polemica-escena\/","title":{"rendered":"Piden que Netflix retire \u00ab13 Reasons Why\u00bb por una pol\u00e9mica escena"},"content":{"rendered":"<h3><strong>Parents Television Council considera que la serie es \u00abuna bomba de tiempo\u00bb para ni\u00f1os y adolescentes.<\/strong><\/h3>\n<p>13 Reasons Why\u00a0ha causado pol\u00e9mica por la manera en que aborda temas sensibles como el suicidio, el abuso sexual, el acoso y la drogadicci\u00f3n, pero sus creadores consideran que son cosas que no se pueden pasar por alto ya que suceden en la vida real. Incluso un estudio de la Universidad de Northwestern se\u00f1ala que la ficci\u00f3n sirve para crear conciencia entre los j\u00f3venes.<\/p>\n<p>Pero tambi\u00e9n hay quienes consideran que el contenido no es apto para adolescentes y tras los eventos de la segunda temporada han reforzado su postura, como el caso de la asociaci\u00f3n de censura estadounidense\u00a0Parents Television Council\u00a0que le est\u00e1 pidiendo a\u00a0Netflix\u00a0que retire la serie de su cat\u00e1logo.<\/p>\n<p>La siguiente parte de la nota contiene spoilers de la segunda temporada de\u00a013 Reasons Why.<\/p>\n<p>Al final de la segunda temporada hay una fuerte escena donde un grupo de estudiantes violan a un compa\u00f1ero y luego se muestra al personaje planeando un tiroteo escolar como venganza.<\/p>\n<p>Lo anterior llam\u00f3 la atenci\u00f3n de diversos grupos, incluyendo a la mencionada asociaci\u00f3n Parents Television Council, que lanz\u00f3 un comunicado advirtiendo a padres de familia y a escuelas sobre el contenido de la serie, pidiendo a Netflix que la retiren por su contenido potencialmente da\u00f1ino.<\/p>\n<p>\u00abNetflix ha lanzado una bomba de tiempo para ni\u00f1os y adolescentes que ven 13 Reasons Why. El contenido y los elementos de la tem\u00e1tica de la segunda temporada son a\u00fan peor de lo que esper\u00e1bamos. Nos hubiera gustado tener 13 razones para la esperanza y la redenci\u00f3n despu\u00e9s del suicidio gr\u00e1fico del personaje femenino, pero en lugar de proporcionar un camino a seguir, la temporada solo causa desaliento.\u00bb<\/p>\n<p>&nbsp;<\/p>\n","protected":false},"excerpt":{"rendered":"<p>Parents Television Council considera que la serie es \u00abuna bomba de tiempo\u00bb para ni\u00f1os y adolescentes. 13 Reasons Why\u00a0ha causado pol\u00e9mica por la manera en que aborda temas sensibles como el suicidio, el abuso sexual, el acoso y la drogadicci\u00f3n, pero sus creadores consideran que son cosas que no se pueden pasar por alto ya [&hellip;]<\/p>\n","protected":false},"author":1,"featured_media":59993,"comment_status":"closed","ping_status":"closed","sticky":false,"template":"","format":"standard","meta":{"_seopress_robots_primary_cat":"","_seopress_titles_title":"","_seopress_titles_desc":"","_seopress_robots_index":"","footnotes":""},"categories":[3],"tags":[32000,18408],"class_list":{"0":"post-59992","1":"post","2":"type-post","3":"status-publish","4":"format-standard","5":"has-post-thumbnail","7":"category-cine-y-series","8":"tag-netflix-retire-13-reasons-why","9":"tag-serie-13-reasons-why"},"_links":{"self":[{"href":"https:\/\/www.cordobatimes.com\/showup\/wp-json\/wp\/v2\/posts\/59992","targetHints":{"allow":["GET"]}}],"collection":[{"href":"https:\/\/www.cordobatimes.com\/showup\/wp-json\/wp\/v2\/posts"}],"about":[{"href":"https:\/\/www.cordobatimes.com\/showup\/wp-json\/wp\/v2\/types\/post"}],"author":[{"embeddable":true,"href":"https:\/\/www.cordobatimes.com\/showup\/wp-json\/wp\/v2\/users\/1"}],"replies":[{"embeddable":true,"href":"https:\/\/www.cordobatimes.com\/showup\/wp-json\/wp\/v2\/comments?post=59992"}],"version-history":[{"count":0,"href":"https:\/\/www.cordobatimes.com\/showup\/wp-json\/wp\/v2\/posts\/59992\/revisions"}],"wp:featuredmedia":[{"embeddable":true,"href":"https:\/\/www.cordobatimes.com\/showup\/wp-json\/wp\/v2\/media\/59993"}],"wp:attachment":[{"href":"https:\/\/www.cordobatimes.com\/showup\/wp-json\/wp\/v2\/media?parent=59992"}],"wp:term":[{"taxonomy":"category","embeddable":true,"href":"https:\/\/www.cordobatimes.com\/showup\/wp-json\/wp\/v2\/categories?post=59992"},{"taxonomy":"post_tag","embeddable":true,"href":"https:\/\/www.cordobatimes.com\/showup\/wp-json\/wp\/v2\/tags?post=59992"}],"curies":[{"name":"wp","href":"https:\/\/api.w.org\/{rel}","templated":true}]}}