{"id":59982,"date":"2018-05-24T12:03:35","date_gmt":"2018-05-24T15:03:35","guid":{"rendered":"http:\/\/www.cordobatimes.com\/showup\/?p=59982"},"modified":"2020-06-25T19:25:29","modified_gmt":"2020-06-25T22:25:29","slug":"la-pelicula-traslasierra-se-estrenara-en-espana","status":"publish","type":"post","link":"https:\/\/www.cordobatimes.com\/showup\/cine-y-series\/2018\/05\/24\/la-pelicula-traslasierra-se-estrenara-en-espana\/","title":{"rendered":"La pel\u00edcula \u00abTraslasierra\u00bb se estrenar\u00e1 en Espa\u00f1a"},"content":{"rendered":"<h3><strong>\u201cTraslasierra\u201d es el nuevo largometraje de Juan Pablo Sasia\u00edn que se estrenar\u00e1 el 3 de junio en el Festival de Granada Cines del Sur, Espa\u00f1a, participando en competencia oficial y como pel\u00edcula de la gala de inauguraci\u00f3n.<\/strong><\/h3>\n<p>El rodaje del film tuvo el apoyo de la Municipalidad de Mina Clavero all\u00e1 por el 2013 y hoy se pueden ver sus frutos con el pr\u00f3ximo estreno en Europa y en Argentina para el mes de octubre.<br \/>\nLa historia nace de las experiencias de Sasia\u00edn en sus visitas como actor al Festival de T\u00edteres de Traslasierra organizado por La Casa de los Titiriteros de Rufino Mart\u00ednez y Teresa Grossi. Tiene las actuaciones del artista local Rufino Mart\u00ednez, la participaci\u00f3n especial de la joven Candela Curletto, y de los ni\u00f1os que en aquel entonces asist\u00edan a la guarder\u00eda de la Municipalidad de Mina Clavero y la escuela de Panaholma.<\/p>\n<p>Juan Pablo Sasia\u00edn Director de cine, guionista, actor, m\u00fasico y productor argentino. Estren\u00f3 su primer largometraje de ficci\u00f3n LA TIGRA, CHACO en el festival de Karlovi Vary y en Mar del Plata, cosech\u00f3 gran cantidad de premios y elogios de la cr\u00edtica. En su segunda pel\u00edcula \u035eCHOELE, dirigi\u00f3 a Leonardo Sbaraglia y fue estrenada en Montreal, y premiada en el Festival de Mar del Plata.<br \/>\nTRASLASIERRA lo encuentra protagonizando por primera vez una de sus pel\u00edculas y lanzando su primera canci\u00f3n como cantautor, \u201cUn jard\u00edn para dos\u201d.<br \/>\nLos paisajes de oto\u00f1o e invierno que atraparon al director se lucen en la pel\u00edcula como un lugar encantador de descanso y paz en comuni\u00f3n con la naturaleza. El rodaje cont\u00f3 con la participaci\u00f3n de un equipo mixto de C\u00f3rdoba y Buenos Aires.<br \/>\nSasia\u00edn record\u00f3 que \u201cJulio Ba\u00f1uelos era intendente cuando se rod\u00f3 la pel\u00edcula; me acerqu\u00e9 le cont\u00e9 la historia y le encant\u00f3. Este es un un homenaje a mis memorias; es una reflexi\u00f3n sobre el amor. El estreno internacional de la pel\u00edcula en Espa\u00f1a es una oportunidad \u00fanica para mostrar al mundo la riqueza tur\u00edstica, cultural y natural del Valle de Traslasierra\u201d.<br \/>\nLa pel\u00edcula cierra una trilog\u00eda donde este director retrata espacios de Argentina: La Tigra, Chaco; Choele; y ahora Traslasierra.<\/p>\n<p>Sinopsis<\/p>\n<p>Mart\u00edn, artista n\u00f3made, cansado de su crisis existencial vuelve con su novia a la casa de su pap\u00e1 en Traslasierra. Se vuelve a enamorar de Coqui, una hermosa amiga de su infancia que es madre soltera. Mart\u00edn escucha los consejos de su padre sobre el amor y se siente a\u00fan m\u00e1s perdido que antes. Le gustar\u00eda armar su propia familia, pero no sabe c\u00f3mo. Su novia est\u00e1 embarazada, su padre se est\u00e1 despidiendo de la vida, la hija de su amiga podr\u00eda ser de \u00e9l; tantos miedos juntos se le vuelven inmanejables. Una etapa bisagra en su vida. Un joven que no sabe c\u00f3mo es amar, que tiene que animarse a madurar y construir su propia historia.<\/p>\n<p><iframe loading=\"lazy\" src=\"https:\/\/www.youtube.com\/embed\/DE1YDFTALBU\" width=\"560\" height=\"315\" frameborder=\"0\" allowfullscreen=\"allowfullscreen\"><\/iframe><\/p>\n","protected":false},"excerpt":{"rendered":"<p>\u201cTraslasierra\u201d es el nuevo largometraje de Juan Pablo Sasia\u00edn que se estrenar\u00e1 el 3 de junio en el Festival de Granada Cines del Sur, Espa\u00f1a, participando en competencia oficial y como pel\u00edcula de la gala de inauguraci\u00f3n. El rodaje del film tuvo el apoyo de la Municipalidad de Mina Clavero all\u00e1 por el 2013 y [&hellip;]<\/p>\n","protected":false},"author":1,"featured_media":59984,"comment_status":"closed","ping_status":"closed","sticky":false,"template":"","format":"standard","meta":{"_seopress_robots_primary_cat":"","_seopress_titles_title":"","_seopress_titles_desc":"","_seopress_robots_index":"","footnotes":""},"categories":[3],"tags":[32003],"class_list":{"0":"post-59982","1":"post","2":"type-post","3":"status-publish","4":"format-standard","5":"has-post-thumbnail","7":"category-cine-y-series","8":"tag-trailer-de-traslasierra"},"_links":{"self":[{"href":"https:\/\/www.cordobatimes.com\/showup\/wp-json\/wp\/v2\/posts\/59982","targetHints":{"allow":["GET"]}}],"collection":[{"href":"https:\/\/www.cordobatimes.com\/showup\/wp-json\/wp\/v2\/posts"}],"about":[{"href":"https:\/\/www.cordobatimes.com\/showup\/wp-json\/wp\/v2\/types\/post"}],"author":[{"embeddable":true,"href":"https:\/\/www.cordobatimes.com\/showup\/wp-json\/wp\/v2\/users\/1"}],"replies":[{"embeddable":true,"href":"https:\/\/www.cordobatimes.com\/showup\/wp-json\/wp\/v2\/comments?post=59982"}],"version-history":[{"count":0,"href":"https:\/\/www.cordobatimes.com\/showup\/wp-json\/wp\/v2\/posts\/59982\/revisions"}],"wp:featuredmedia":[{"embeddable":true,"href":"https:\/\/www.cordobatimes.com\/showup\/wp-json\/wp\/v2\/media\/59984"}],"wp:attachment":[{"href":"https:\/\/www.cordobatimes.com\/showup\/wp-json\/wp\/v2\/media?parent=59982"}],"wp:term":[{"taxonomy":"category","embeddable":true,"href":"https:\/\/www.cordobatimes.com\/showup\/wp-json\/wp\/v2\/categories?post=59982"},{"taxonomy":"post_tag","embeddable":true,"href":"https:\/\/www.cordobatimes.com\/showup\/wp-json\/wp\/v2\/tags?post=59982"}],"curies":[{"name":"wp","href":"https:\/\/api.w.org\/{rel}","templated":true}]}}