{"id":59968,"date":"2018-05-23T11:25:15","date_gmt":"2018-05-23T14:25:15","guid":{"rendered":"http:\/\/www.cordobatimes.com\/showup\/?p=59968"},"modified":"2020-06-25T19:28:17","modified_gmt":"2020-06-25T22:28:17","slug":"ya-salio-el-primer-avance-de-la-pelicula-del-potro-rodrigo","status":"publish","type":"post","link":"https:\/\/www.cordobatimes.com\/showup\/cine-y-series\/2018\/05\/23\/ya-salio-el-primer-avance-de-la-pelicula-del-potro-rodrigo\/","title":{"rendered":"Ya sali\u00f3 el primer avance de la pel\u00edcula del Potro Rodrigo"},"content":{"rendered":"<h3><strong>El filme est\u00e1 en pleno proceso de grabaci\u00f3n.\u00a0<\/strong><\/h3>\n<p>La biopic sobre la vida del Potro Rodrigo Bueno est\u00e1 en pleno proceso de grabaci\u00f3n. El encargado de interpretar a al m\u00fasico es otro cordob\u00e9s del mismo nombre: Rodrigo Romero.<\/p>\n<p>A medida que avanzaba el proyecto de la directora Lorena Mu\u00f1oz (la misma que llev\u00f3 a la pantalla grande la vida de Gilda) se fueron conociendo otras participaciones como las de Florencia Pe\u00f1a (interpretar\u00e1 a Beatriz Olave, madre de Rodrigo) y la de Jimena Bar\u00f3n,\u00a0quien se pondr\u00e1 en piel de Marixa Bali,\u00a0ex novia del m\u00fasico.<\/p>\n<p>La historia contar\u00e1 la vida personal del Potro y c\u00f3mo logr\u00f3 sobreponerse a la p\u00e9rdida de su padre, un actor importante dentro de la vida del cordob\u00e9s.<\/p>\n<p>\u00abSu impacto es muy grande debido a su juventud, belleza y magnetismo. En el momento que comienza un ascenso en su carrera, lo sorprende la tr\u00e1gica muerte de su padre y se recluye junto a su familia en C\u00f3rdoba\u00bb, adelantan en la sinopsis.<\/p>\n<p>Mientras siguen las grabaciones, Jimena Bar\u00f3n comparti\u00f3 un avance de la pel\u00edcula que estrenar\u00e1 en octubre de 2019.<\/p>\n<blockquote class=\"twitter-tweet\" data-lang=\"es\">\n<p dir=\"ltr\" lang=\"es\"><a href=\"https:\/\/twitter.com\/hashtag\/MaterialExclusivo?src=hash&amp;ref_src=twsrc%5Etfw\">#MaterialExclusivo<\/a><br \/>\nPrimeros d\u00edas de rodaje <a href=\"https:\/\/twitter.com\/elpotropelicula?ref_src=twsrc%5Etfw\">@elpotropelicula<\/a> ???? <a href=\"https:\/\/twitter.com\/hashtag\/LoMejorDelAmor?src=hash&amp;ref_src=twsrc%5Etfw\">#LoMejorDelAmor<\/a> <a href=\"https:\/\/twitter.com\/Flor_de_P?ref_src=twsrc%5Etfw\">@Flor_de_P<\/a> <a href=\"https:\/\/twitter.com\/baronjimena?ref_src=twsrc%5Etfw\">@baronjimena<\/a> <a href=\"https:\/\/t.co\/YJmuGJ76wn\">pic.twitter.com\/YJmuGJ76wn<\/a><\/p>\n<p>\u2014 El Potro pelicula (@elpotropelicula) <a href=\"https:\/\/twitter.com\/elpotropelicula\/status\/998967024649998338?ref_src=twsrc%5Etfw\">22 de mayo de 2018<\/a><\/p><\/blockquote>\n<p><script async src=\"https:\/\/platform.twitter.com\/widgets.js\" charset=\"utf-8\"><\/script><\/p>\n","protected":false},"excerpt":{"rendered":"<p>El filme est\u00e1 en pleno proceso de grabaci\u00f3n.\u00a0 La biopic sobre la vida del Potro Rodrigo Bueno est\u00e1 en pleno proceso de grabaci\u00f3n. El encargado de interpretar a al m\u00fasico es otro cordob\u00e9s del mismo nombre: Rodrigo Romero. A medida que avanzaba el proyecto de la directora Lorena Mu\u00f1oz (la misma que llev\u00f3 a la [&hellip;]<\/p>\n","protected":false},"author":1,"featured_media":59969,"comment_status":"closed","ping_status":"closed","sticky":false,"template":"","format":"standard","meta":{"_seopress_robots_primary_cat":"","_seopress_titles_title":"","_seopress_titles_desc":"","_seopress_robots_index":"","footnotes":""},"categories":[3],"tags":[21960],"class_list":{"0":"post-59968","1":"post","2":"type-post","3":"status-publish","4":"format-standard","5":"has-post-thumbnail","7":"category-cine-y-series","8":"tag-avance-de-la-pelicula-del-potro-rodrigo"},"_links":{"self":[{"href":"https:\/\/www.cordobatimes.com\/showup\/wp-json\/wp\/v2\/posts\/59968","targetHints":{"allow":["GET"]}}],"collection":[{"href":"https:\/\/www.cordobatimes.com\/showup\/wp-json\/wp\/v2\/posts"}],"about":[{"href":"https:\/\/www.cordobatimes.com\/showup\/wp-json\/wp\/v2\/types\/post"}],"author":[{"embeddable":true,"href":"https:\/\/www.cordobatimes.com\/showup\/wp-json\/wp\/v2\/users\/1"}],"replies":[{"embeddable":true,"href":"https:\/\/www.cordobatimes.com\/showup\/wp-json\/wp\/v2\/comments?post=59968"}],"version-history":[{"count":0,"href":"https:\/\/www.cordobatimes.com\/showup\/wp-json\/wp\/v2\/posts\/59968\/revisions"}],"wp:featuredmedia":[{"embeddable":true,"href":"https:\/\/www.cordobatimes.com\/showup\/wp-json\/wp\/v2\/media\/59969"}],"wp:attachment":[{"href":"https:\/\/www.cordobatimes.com\/showup\/wp-json\/wp\/v2\/media?parent=59968"}],"wp:term":[{"taxonomy":"category","embeddable":true,"href":"https:\/\/www.cordobatimes.com\/showup\/wp-json\/wp\/v2\/categories?post=59968"},{"taxonomy":"post_tag","embeddable":true,"href":"https:\/\/www.cordobatimes.com\/showup\/wp-json\/wp\/v2\/tags?post=59968"}],"curies":[{"name":"wp","href":"https:\/\/api.w.org\/{rel}","templated":true}]}}