{"id":59937,"date":"2018-05-22T16:24:23","date_gmt":"2018-05-22T19:24:23","guid":{"rendered":"http:\/\/www.cordobatimes.com\/showup\/?p=59937"},"modified":"2020-06-25T20:24:44","modified_gmt":"2020-06-25T23:24:44","slug":"la-estrategia-de-hbo-para-que-no-se-filtre-el-final-de-game-of-thrones","status":"publish","type":"post","link":"https:\/\/www.cordobatimes.com\/showup\/cine-y-series\/2018\/05\/22\/la-estrategia-de-hbo-para-que-no-se-filtre-el-final-de-game-of-thrones\/","title":{"rendered":"La estrategia de HBO para que no se filtre el final de \u201cGame of thrones\u201d"},"content":{"rendered":"<h3><strong>La actriz Emilia Clarke cont\u00f3 qu\u00e9 hizo el canal para mantener el secreto hasta 2019.\u00a0<\/strong><\/h3>\n<p>Todo parece indicar que HBO centr\u00f3 sus esfuerzos en blindarse frente a una posible filtraci\u00f3n de su exitosa serie\u00a0Juego de tronos. Por eso, la actriz\u00a0Emilia Clarke, quien interpreta a Daenerys Targaryen, revel\u00f3 que la compa\u00f1\u00eda grab\u00f3 m\u00faltiples finales y que el elenco no sabe cu\u00e1l de ellos es el verdadero.<\/p>\n<p>Recordemos que la temporada siete de\u00a0Juego de tronos\u00a0estuvo rodeada de inconvenientes, pues un grupo de hackers entr\u00f3 a los servidores de HBO y entre otras cosas robaron cap\u00edtulos que a\u00fan no hab\u00edan visto la luz. Ante este hecho, HBO asegur\u00f3 que iba a construir un plan para frustrar los planes de los delincuentes inform\u00e1ticos.<\/p>\n<p>\u201cCreo que est\u00e1n filmando un mont\u00f3n de cosas y no nos est\u00e1n diciendo (\u2026) Estoy hablando muy en serio, creo que ya no conf\u00edan ni siquiera en nosotros\u00bb, dijo Clarke en el podcast\u00a0Awards Chatter de The Hollywood Reporter.<\/p>\n<p>Adem\u00e1s de hablar sobre este tema, la actriz cont\u00f3 su experiencia al leer los guiones de la octava temporada de la serie. \u00abMadre m\u00eda, me tom\u00f3 un par de horas acabar con eso. Fue la experiencia de lectura m\u00e1s intensa de mi vida\u00bb, coment\u00f3 la mujer que est\u00e1 detr\u00e1s del personaje de Daenerys y quien adem\u00e1s asegura que HBO pudo haber agregado o cambiado algunas cosas durante la producci\u00f3n.<\/p>\n<p>La \u00faltima temporada de Juego de tronos ser\u00e1 estrenada de forma oficial en alg\u00fan momento de 2019.<\/p>\n<p>&nbsp;<\/p>\n<p>&nbsp;<\/p>\n","protected":false},"excerpt":{"rendered":"<p>La actriz Emilia Clarke cont\u00f3 qu\u00e9 hizo el canal para mantener el secreto hasta 2019.\u00a0 Todo parece indicar que HBO centr\u00f3 sus esfuerzos en blindarse frente a una posible filtraci\u00f3n de su exitosa serie\u00a0Juego de tronos. Por eso, la actriz\u00a0Emilia Clarke, quien interpreta a Daenerys Targaryen, revel\u00f3 que la compa\u00f1\u00eda grab\u00f3 m\u00faltiples finales y que [&hellip;]<\/p>\n","protected":false},"author":1,"featured_media":59938,"comment_status":"closed","ping_status":"closed","sticky":false,"template":"","format":"standard","meta":{"_seopress_robots_primary_cat":"","_seopress_titles_title":"","_seopress_titles_desc":"","_seopress_robots_index":"","footnotes":""},"categories":[3],"tags":[21935],"class_list":{"0":"post-59937","1":"post","2":"type-post","3":"status-publish","4":"format-standard","5":"has-post-thumbnail","7":"category-cine-y-series","8":"tag-final-de-game-of-thrones"},"_links":{"self":[{"href":"https:\/\/www.cordobatimes.com\/showup\/wp-json\/wp\/v2\/posts\/59937","targetHints":{"allow":["GET"]}}],"collection":[{"href":"https:\/\/www.cordobatimes.com\/showup\/wp-json\/wp\/v2\/posts"}],"about":[{"href":"https:\/\/www.cordobatimes.com\/showup\/wp-json\/wp\/v2\/types\/post"}],"author":[{"embeddable":true,"href":"https:\/\/www.cordobatimes.com\/showup\/wp-json\/wp\/v2\/users\/1"}],"replies":[{"embeddable":true,"href":"https:\/\/www.cordobatimes.com\/showup\/wp-json\/wp\/v2\/comments?post=59937"}],"version-history":[{"count":0,"href":"https:\/\/www.cordobatimes.com\/showup\/wp-json\/wp\/v2\/posts\/59937\/revisions"}],"wp:featuredmedia":[{"embeddable":true,"href":"https:\/\/www.cordobatimes.com\/showup\/wp-json\/wp\/v2\/media\/59938"}],"wp:attachment":[{"href":"https:\/\/www.cordobatimes.com\/showup\/wp-json\/wp\/v2\/media?parent=59937"}],"wp:term":[{"taxonomy":"category","embeddable":true,"href":"https:\/\/www.cordobatimes.com\/showup\/wp-json\/wp\/v2\/categories?post=59937"},{"taxonomy":"post_tag","embeddable":true,"href":"https:\/\/www.cordobatimes.com\/showup\/wp-json\/wp\/v2\/tags?post=59937"}],"curies":[{"name":"wp","href":"https:\/\/api.w.org\/{rel}","templated":true}]}}