{"id":59905,"date":"2018-05-21T10:42:42","date_gmt":"2018-05-21T13:42:42","guid":{"rendered":"http:\/\/www.cordobatimes.com\/showup\/?p=59905"},"modified":"2020-06-25T20:58:18","modified_gmt":"2020-06-25T23:58:18","slug":"el-tributo-que-le-rindieron-a-avicii-durante-los-billboard-music-awards-2018","status":"publish","type":"post","link":"https:\/\/www.cordobatimes.com\/showup\/musica\/2018\/05\/21\/el-tributo-que-le-rindieron-a-avicii-durante-los-billboard-music-awards-2018\/","title":{"rendered":"El tributo que le rindieron a Avicii durante los Billboard Music Awards 2018"},"content":{"rendered":"<h3><strong>El DJ fue recordado en la ceremonia.<\/strong><\/h3>\n<p>Tan solo 3 d\u00edas antes de su muerte,\u00a0<strong>Avicii<\/strong>\u00a0agradec\u00eda en\u00a0<em>Twitter<\/em>\u00a0la nominaci\u00f3n que recibi\u00f3 para los\u00a0<em>Billboard Music Awards<\/em>\u00a02018.\u00a0\u00ab\u00a1Gracias por la nominaci\u00f3n! @Billboard #BBMAS\u00bb.<\/p>\n<p>Como era de esperarse, la memoria del DJ sueco fue honrado durante la ceremonia que se celebr\u00f3 justamente a un mes de su lamentable partida.<\/p>\n<p>Halsey\u00a0y\u00a0The Chainsmokers\u00a0subieron al escenario del\u00a0MGM Grand Garden Arena\u00a0de Las Vegas\u00a0para presentar un premio, y aprovecharon de rendir un homenaje al fallecido colega, a qui\u00e9n m\u00e1s consideraban amigo&#8230;<\/p>\n<p>\u00abNos gustar\u00eda tomar un momento y hablar sobre nuestro amigo\u00a0Avicii. Su muerte fue una gran p\u00e9rdida para el mundo de la m\u00fasica y para nosotros. Fue un artista que inspir\u00f3 a muchos de muchas maneras. En pocas palabras, \u00e9l significaba mucho para nosotros y para todos en la comunidad de la m\u00fasica electr\u00f3nica.\u00bb<\/p>\n<p>Continuaron: \u00abTodos los que trabajaron con \u00e9l estar\u00edan de acuerdo en que fue una gran alegr\u00eda y hace que esta tragedia sea a\u00fan m\u00e1s dolorosa. Es un recordatorio para nosotros de estar all\u00ed y apoyar y amar a todos nuestros amigos y familiares que pueden estar luchando con problemas de salud mental\u00bb.<\/p>\n<blockquote class=\"twitter-tweet\" data-lang=\"es\">\n<p dir=\"ltr\" lang=\"en\">Nothing but love for Avicii from <a href=\"https:\/\/twitter.com\/TheChainsmokers?ref_src=twsrc%5Etfw\">@TheChainsmokers<\/a> &amp; <a href=\"https:\/\/twitter.com\/halsey?ref_src=twsrc%5Etfw\">@halsey<\/a> as they present the <a href=\"https:\/\/twitter.com\/hashtag\/BBMAs?src=hash&amp;ref_src=twsrc%5Etfw\">#BBMAs<\/a> for Top Hot 100 Song. ? <a href=\"https:\/\/t.co\/k89czVBrih\">pic.twitter.com\/k89czVBrih<\/a><\/p>\n<p>\u2014 Billboard Music Awards (@BBMAs) <a href=\"https:\/\/twitter.com\/BBMAs\/status\/998360704603250688?ref_src=twsrc%5Etfw\">21 de mayo de 2018<\/a><\/p><\/blockquote>\n<p><script async src=\"https:\/\/platform.twitter.com\/widgets.js\" charset=\"utf-8\"><\/script><\/p>\n<p>En un comunicado emitido por la familia de Avicii tras su muerte, dieron a entender que se pudo haber suicidado&#8230;<\/p>\n<p>\u00abNuestro amado Tim era un buscador, un alma art\u00edstica fr\u00e1gil que buscaba las respuestas sobre dudas existenciales. Un perfeccionista que viaj\u00f3 y trabaj\u00f3 muy duro, a un ritmo que lo llev\u00f3 al estr\u00e9s total\u00bb, comienza as\u00ed el mensaje de la familia. \u00abCuando dejaba de estar de tour quer\u00eda encontrar encontrar un balance en su vida que lo llevara a ser feliz y capaz de hacer lo que m\u00e1s le gustaba, la m\u00fasica\u00bb.<\/p>\n<p>\u00abRealmente luch\u00f3 con pensamientos sobre el significado de la vida, la felicidad. No pod\u00eda seguir m\u00e1s. Quer\u00eda encontrar paz. Tim no fue hecho para la m\u00e1quina de negocios en las que se estableci\u00f3. \u00c9l era una persona sensible que amaba a sus fans, pero hu\u00eda de los reflectores\u00bb.<\/p>\n","protected":false},"excerpt":{"rendered":"<p>El DJ fue recordado en la ceremonia. Tan solo 3 d\u00edas antes de su muerte,\u00a0Avicii\u00a0agradec\u00eda en\u00a0Twitter\u00a0la nominaci\u00f3n que recibi\u00f3 para los\u00a0Billboard Music Awards\u00a02018.\u00a0\u00ab\u00a1Gracias por la nominaci\u00f3n! @Billboard #BBMAS\u00bb. Como era de esperarse, la memoria del DJ sueco fue honrado durante la ceremonia que se celebr\u00f3 justamente a un mes de su lamentable partida. Halsey\u00a0y\u00a0The Chainsmokers\u00a0subieron [&hellip;]<\/p>\n","protected":false},"author":1,"featured_media":59906,"comment_status":"closed","ping_status":"closed","sticky":false,"template":"","format":"standard","meta":{"_seopress_robots_primary_cat":"","_seopress_titles_title":"","_seopress_titles_desc":"","_seopress_robots_index":"","footnotes":""},"categories":[5],"tags":[32014,21901],"class_list":{"0":"post-59905","1":"post","2":"type-post","3":"status-publish","4":"format-standard","5":"has-post-thumbnail","7":"category-musica","8":"tag-avicii-durante-los-billboard-music-awards-2018","9":"tag-tributo-que-le-rindieron-a-avicii"},"_links":{"self":[{"href":"https:\/\/www.cordobatimes.com\/showup\/wp-json\/wp\/v2\/posts\/59905","targetHints":{"allow":["GET"]}}],"collection":[{"href":"https:\/\/www.cordobatimes.com\/showup\/wp-json\/wp\/v2\/posts"}],"about":[{"href":"https:\/\/www.cordobatimes.com\/showup\/wp-json\/wp\/v2\/types\/post"}],"author":[{"embeddable":true,"href":"https:\/\/www.cordobatimes.com\/showup\/wp-json\/wp\/v2\/users\/1"}],"replies":[{"embeddable":true,"href":"https:\/\/www.cordobatimes.com\/showup\/wp-json\/wp\/v2\/comments?post=59905"}],"version-history":[{"count":0,"href":"https:\/\/www.cordobatimes.com\/showup\/wp-json\/wp\/v2\/posts\/59905\/revisions"}],"wp:featuredmedia":[{"embeddable":true,"href":"https:\/\/www.cordobatimes.com\/showup\/wp-json\/wp\/v2\/media\/59906"}],"wp:attachment":[{"href":"https:\/\/www.cordobatimes.com\/showup\/wp-json\/wp\/v2\/media?parent=59905"}],"wp:term":[{"taxonomy":"category","embeddable":true,"href":"https:\/\/www.cordobatimes.com\/showup\/wp-json\/wp\/v2\/categories?post=59905"},{"taxonomy":"post_tag","embeddable":true,"href":"https:\/\/www.cordobatimes.com\/showup\/wp-json\/wp\/v2\/tags?post=59905"}],"curies":[{"name":"wp","href":"https:\/\/api.w.org\/{rel}","templated":true}]}}