{"id":59879,"date":"2018-05-19T10:18:54","date_gmt":"2018-05-19T13:18:54","guid":{"rendered":"http:\/\/www.cordobatimes.com\/showup\/?p=59879"},"modified":"2018-05-19T10:20:32","modified_gmt":"2018-05-19T13:20:32","slug":"intenso-trailer-de-acusada-lo-nuevo-de-lali-esposito","status":"publish","type":"post","link":"https:\/\/www.cordobatimes.com\/showup\/cine-y-series\/2018\/05\/19\/intenso-trailer-de-acusada-lo-nuevo-de-lali-esposito\/","title":{"rendered":"Intenso tr\u00e1iler de \u00abAcusada\u00bb, lo nuevo de Lali Esp\u00f3sito"},"content":{"rendered":"<div class=\"teaser\">\n<h3><strong>La cantante y actriz Lali Esp\u00f3sito vuelve al cine con\u00a0Acusada, en donde interpreta a una joven que se vuelve medi\u00e1tica por ser la sospechosa de un crimen brutal.<\/strong><\/h3>\n<\/div>\n<div class=\"body\">\n<p>Se acaba de dar a conocer el breve pero intenso tr\u00e1iler de\u00a0<strong>Acusada<\/strong>, la nueva pel\u00edcula que protagoniza\u00a0Lali Esp\u00f3sito\u00a0(Permitidos). El filme cuenta la historia de Dolores Dreier (Esp\u00f3sito), que vive la vida de una joven estudiante hasta que su mejor amiga es brutalmente asesinada. Dos a\u00f1os despu\u00e9s, ella es la \u00fanica acusada por el crimen en un caso de gran exposici\u00f3n medi\u00e1tica que la ha puesto en el centro de la escena: todo el mundo tiene una opini\u00f3n acerca de su inocencia o culpabilidad.<\/p>\n<p>As\u00ed, Dolores se prepara para el juicio aislada en su casa, mientras la familia Dreier funciona como un equipo dispuesto a todo para defender a su hija. Pero a medida que el proceso avanza y la presi\u00f3n aumenta, los secretos y la sospecha aparecen en el seno familiar. Acorralada por la evidencia, Dolores deber\u00e1 enfrentarse a sus propias dudas sobre lo que verdaderamente ocurri\u00f3.<\/p>\n<p>Con producci\u00f3n de\u00a0Rei Cine, K&amp;S Films, Piano y Telefe, distribuci\u00f3n de Warner Bros Pictures y actuaciones de\u00a0Leonardo Sbaraglia, In\u00e9s Estevez, Daniel Fanego, Gerardo Romano y\u00a0Gael Garc\u00eda Bernal,\u00a0<strong>Acusada<\/strong>\u00a0tiene estreno anunciado para el 13 de septiembre. Su director Gonzalo Tobal hab\u00eda dirigido previamente la \u00f3pera prima\u00a0<strong>Villegas<\/strong>, con Esteban Lamothe y Esteban Bigliardi.<\/p>\n<p><iframe loading=\"lazy\" width=\"560\" height=\"315\" src=\"https:\/\/www.youtube.com\/embed\/Z3TMEzba-NM\" frameborder=\"0\" allow=\"autoplay; encrypted-media\" allowfullscreen><\/iframe><\/p>\n","protected":false},"excerpt":{"rendered":"<p>La cantante y actriz Lali Esp\u00f3sito vuelve al cine con\u00a0Acusada, en donde interpreta a una joven que se vuelve medi\u00e1tica por ser la sospechosa de un crimen brutal. Se acaba de dar a conocer el breve pero intenso tr\u00e1iler de\u00a0Acusada, la nueva pel\u00edcula que protagoniza\u00a0Lali Esp\u00f3sito\u00a0(Permitidos). El filme cuenta la historia de Dolores Dreier (Esp\u00f3sito), [&hellip;]<\/p>\n","protected":false},"author":1,"featured_media":59880,"comment_status":"closed","ping_status":"closed","sticky":false,"template":"","format":"standard","meta":{"_seopress_robots_primary_cat":"","_seopress_titles_title":"","_seopress_titles_desc":"","_seopress_robots_index":"","footnotes":""},"categories":[3],"tags":[21885,234,21886,1327,21884],"class_list":{"0":"post-59879","1":"post","2":"type-post","3":"status-publish","4":"format-standard","5":"has-post-thumbnail","7":"category-cine-y-series","8":"tag-acusada","9":"tag-destacada","10":"tag-dolores-dreier","11":"tag-lali-esposito","12":"tag-trailer-de-acusada"},"_links":{"self":[{"href":"https:\/\/www.cordobatimes.com\/showup\/wp-json\/wp\/v2\/posts\/59879","targetHints":{"allow":["GET"]}}],"collection":[{"href":"https:\/\/www.cordobatimes.com\/showup\/wp-json\/wp\/v2\/posts"}],"about":[{"href":"https:\/\/www.cordobatimes.com\/showup\/wp-json\/wp\/v2\/types\/post"}],"author":[{"embeddable":true,"href":"https:\/\/www.cordobatimes.com\/showup\/wp-json\/wp\/v2\/users\/1"}],"replies":[{"embeddable":true,"href":"https:\/\/www.cordobatimes.com\/showup\/wp-json\/wp\/v2\/comments?post=59879"}],"version-history":[{"count":0,"href":"https:\/\/www.cordobatimes.com\/showup\/wp-json\/wp\/v2\/posts\/59879\/revisions"}],"wp:featuredmedia":[{"embeddable":true,"href":"https:\/\/www.cordobatimes.com\/showup\/wp-json\/wp\/v2\/media\/59880"}],"wp:attachment":[{"href":"https:\/\/www.cordobatimes.com\/showup\/wp-json\/wp\/v2\/media?parent=59879"}],"wp:term":[{"taxonomy":"category","embeddable":true,"href":"https:\/\/www.cordobatimes.com\/showup\/wp-json\/wp\/v2\/categories?post=59879"},{"taxonomy":"post_tag","embeddable":true,"href":"https:\/\/www.cordobatimes.com\/showup\/wp-json\/wp\/v2\/tags?post=59879"}],"curies":[{"name":"wp","href":"https:\/\/api.w.org\/{rel}","templated":true}]}}