{"id":59844,"date":"2018-05-17T18:10:25","date_gmt":"2018-05-17T21:10:25","guid":{"rendered":"http:\/\/www.cordobatimes.com\/showup\/?p=59844"},"modified":"2020-06-25T21:52:40","modified_gmt":"2020-06-26T00:52:40","slug":"concentrico-el-corto-cordobes-que-se-presenta-en-cannes","status":"publish","type":"post","link":"https:\/\/www.cordobatimes.com\/showup\/cine-y-series\/2018\/05\/17\/concentrico-el-corto-cordobes-que-se-presenta-en-cannes\/","title":{"rendered":"\u00abConc\u00e9ntrico\u00bb El corto cordob\u00e9s que se presenta en Cannes"},"content":{"rendered":"<h3><strong>Dirigido por Diego G. Medina, el corto se proyectar\u00e1 el viernes en la secci\u00f3n \u00abShort Film Corner\u00bb de la edici\u00f3n n\u00famero 71 del prestigioso festival de cine franc\u00e9s.\u00a0<\/strong><\/h3>\n<p>Por segundo a\u00f1o consecutivo el cineasta cordob\u00e9s Diego G. Medina y compa\u00f1\u00eda viajaron al\u00a0Festival Internacional de Cannes\u00a0para participar de la secci\u00f3n \u00abShort Film Corner\u00bb con un nuevo corto del universo\u00a0Conc\u00e9ntrico.<\/p>\n<p>\u201cTodos los cortometrajes que forman parte de este concepto (Conc\u00e9ntrico), construyen su narrativa en funci\u00f3n del cine dentro del cine, con una exploraci\u00f3n libre del lenguaje cinematogr\u00e1fico, despojado de estructuras cl\u00e1sicas y formas cl\u00e1sicas del lenguaje\u201d, explica Medina sobre el universo en que se inscribe el corto con el que viaj\u00f3 este a\u00f1o y el a\u00f1o pasado al prestigioso festival de cine franc\u00e9s.<\/p>\n<p>Conc\u00e9ntrico\u00a0es uno de los 22 cortos argentinos que participan en Cannes y el \u00fanico de factor\u00eda cordobesa.<\/p>\n<p>Adem\u00e1s de la direcci\u00f3n de Diego G. Medina y el protag\u00f3nico de Renzo Ruiz, Fabiana Schlemmer y Martina Salicas Ortiz, el corto cont\u00f3 con un equipo de trabajo de aproximadamente 70 personas entre t\u00e9cnicos, artistas y actores.<\/p>\n<p>Antes de su desembarco en Cannes,\u00a0Conc\u00e9ntrico\u00a0pas\u00f3 por el \u00ab48 hour film project 2017\u00bb. En la edici\u00f3n cordobesa del festival recibi\u00f3 el tercer premio, mejor direcci\u00f3n y una menci\u00f3n por la direcci\u00f3n de arte. En la edici\u00f3n porte\u00f1a en tanto se qued\u00f3 con el segundo premio, mejor direcci\u00f3n, mejor producci\u00f3n, mejor vestuario y otra menci\u00f3n por la direcci\u00f3n de arte.<\/p>\n<p>Conc\u00e9ntrico\u00a0fue galardonado adem\u00e1s en el Festival Filmapalooza, que se celebr\u00f3 en Par\u00eds, \u201ccomo uno de los mejores cortometrajes de la historia del Festival\u201d.<\/p>\n<p>\u201cConc\u00e9ntrico\u00a0es una obra en tres partes que se unen en un mismo proyecto integrador. En octubre de 2017 creamos la tercera y \u00faltima pieza de este proyecto y cosechando varios reconocimientos a nivel mundial\u201d, cont\u00f3 Diego Medina.<\/p>\n<p><img alt=\"\" loading=\"lazy\" decoding=\"async\" class=\"alignnone size-full wp-image-59846\" src=\"http:\/\/www.cordobatimes.com\/showup\/wp-content\/uploads\/2018\/05\/4-11.jpg\" alt=\"\" width=\"770\" height=\"433\" srcset=\"https:\/\/www.cordobatimes.com\/showup\/wp-content\/uploads\/2018\/05\/4-11.jpg 770w, https:\/\/www.cordobatimes.com\/showup\/wp-content\/uploads\/2018\/05\/4-11-747x420.jpg 747w, https:\/\/www.cordobatimes.com\/showup\/wp-content\/uploads\/2018\/05\/4-11-768x432.jpg 768w\" sizes=\"auto, (max-width: 770px) 100vw, 770px\" \/><\/p>\n<p>&nbsp;<\/p>\n","protected":false},"excerpt":{"rendered":"<p>Dirigido por Diego G. Medina, el corto se proyectar\u00e1 el viernes en la secci\u00f3n \u00abShort Film Corner\u00bb de la edici\u00f3n n\u00famero 71 del prestigioso festival de cine franc\u00e9s.\u00a0 Por segundo a\u00f1o consecutivo el cineasta cordob\u00e9s Diego G. Medina y compa\u00f1\u00eda viajaron al\u00a0Festival Internacional de Cannes\u00a0para participar de la secci\u00f3n \u00abShort Film Corner\u00bb con un nuevo [&hellip;]<\/p>\n","protected":false},"author":1,"featured_media":59845,"comment_status":"closed","ping_status":"closed","sticky":false,"template":"","format":"standard","meta":{"_seopress_robots_primary_cat":"","_seopress_titles_title":"","_seopress_titles_desc":"","_seopress_robots_index":"","footnotes":""},"categories":[3],"tags":[32019],"class_list":{"0":"post-59844","1":"post","2":"type-post","3":"status-publish","4":"format-standard","5":"has-post-thumbnail","7":"category-cine-y-series","8":"tag-concentrico-el-corto-cordobes"},"_links":{"self":[{"href":"https:\/\/www.cordobatimes.com\/showup\/wp-json\/wp\/v2\/posts\/59844","targetHints":{"allow":["GET"]}}],"collection":[{"href":"https:\/\/www.cordobatimes.com\/showup\/wp-json\/wp\/v2\/posts"}],"about":[{"href":"https:\/\/www.cordobatimes.com\/showup\/wp-json\/wp\/v2\/types\/post"}],"author":[{"embeddable":true,"href":"https:\/\/www.cordobatimes.com\/showup\/wp-json\/wp\/v2\/users\/1"}],"replies":[{"embeddable":true,"href":"https:\/\/www.cordobatimes.com\/showup\/wp-json\/wp\/v2\/comments?post=59844"}],"version-history":[{"count":0,"href":"https:\/\/www.cordobatimes.com\/showup\/wp-json\/wp\/v2\/posts\/59844\/revisions"}],"wp:featuredmedia":[{"embeddable":true,"href":"https:\/\/www.cordobatimes.com\/showup\/wp-json\/wp\/v2\/media\/59845"}],"wp:attachment":[{"href":"https:\/\/www.cordobatimes.com\/showup\/wp-json\/wp\/v2\/media?parent=59844"}],"wp:term":[{"taxonomy":"category","embeddable":true,"href":"https:\/\/www.cordobatimes.com\/showup\/wp-json\/wp\/v2\/categories?post=59844"},{"taxonomy":"post_tag","embeddable":true,"href":"https:\/\/www.cordobatimes.com\/showup\/wp-json\/wp\/v2\/tags?post=59844"}],"curies":[{"name":"wp","href":"https:\/\/api.w.org\/{rel}","templated":true}]}}