{"id":59762,"date":"2018-05-13T21:28:22","date_gmt":"2018-05-14T00:28:22","guid":{"rendered":"http:\/\/www.cordobatimes.com\/showup\/?p=59762"},"modified":"2020-06-28T11:25:37","modified_gmt":"2020-06-28T14:25:37","slug":"llega-un-viernes-de-locos-2-mira-el-adelanto-de-la-nueva-version-de-la-pelicula","status":"publish","type":"post","link":"https:\/\/www.cordobatimes.com\/showup\/cine-y-series\/2018\/05\/13\/llega-un-viernes-de-locos-2-mira-el-adelanto-de-la-nueva-version-de-la-pelicula\/","title":{"rendered":"Llega \u201cUn viernes de locos 2\u201d mir\u00e1 el adelanto de la nueva versi\u00f3n de la pel\u00edcula"},"content":{"rendered":"<h3><strong>Se viene la nueva versi\u00f3n de \u201cUn viernes de locos\u201d y todos los que nos crecimos con la interpretaci\u00f3n\u00a0Lindsay Lohan\u00a0y\u00a0Jamie Lee Curtis\u00a0estamos muy expectantes.<\/strong><\/h3>\n<p>La trama es simple: una madre trabajadora y una adolescente rebelde que no se llevan muy bien un d\u00eda se despiertan una en el cuerpo de la otra. As\u00ed aprenden cada una sobre las luchas de la otra y resuelven c\u00f3mo volver a la normalidad.<\/p>\n<p>La historia nace en 1972 con la novela de Mary Rodges, pero la realidad es que \u00ab<strong>Un viernes de locos\u00bb<\/strong>\u00a0ha sido adaptada tantas veces que hace que la historia no pase de moda. La adaptaci\u00f3n m\u00e1s reciente fue una producci\u00f3n de Disney Theatrical, y se trata de una versi\u00f3n musical que se estrenar\u00e1 a finales de este a\u00f1o en\u00a0<strong>Disney Channel<\/strong>.<\/p>\n<p><iframe loading=\"lazy\" src=\"https:\/\/www.youtube.com\/embed\/Fo4UuLDZnBU\" width=\"560\" height=\"315\" frameborder=\"0\" allowfullscreen=\"allowfullscreen\"><\/iframe><\/p>\n<p>En el primer corte podemos ver a Cozi Zuehlsdorff (interpretando a la madre Katherine en el cuerpo de su hija Ellie) y Heidi Blickenstaff (oviamente, interpretando a la hija Ellie en el cuerpo de mam\u00e1 Katherine). Y si bien no hay un momento musical en el adelanto, si podemos ver que habr\u00e1 una buena dosis de comedia y emoci\u00f3n.<\/p>\n<p>\u201cUn viernes de locos\u201d fue adaptado por primera vez en formato f\u00edlmico en 1976 con las estrellas Barbara Harris y Jodie Foster. Luego, en 1995, Shelley Long y Gaby Hoffman asumieron los papeles principales, y finalmente, en 2003, regres\u00f3 a la pantalla grande para un largometraje de Walt Disney Pictures protagonizado por Jamie Lee Curtis y Lindsay Lohan, quiz\u00e1s la versi\u00f3n m\u00e1s recordada por el p\u00fablico.<\/p>\n<p><iframe loading=\"lazy\" src=\"https:\/\/www.youtube.com\/embed\/iVkBjWtAmxs\" width=\"560\" height=\"315\" frameborder=\"0\" allowfullscreen=\"allowfullscreen\"><\/iframe><\/p>\n","protected":false},"excerpt":{"rendered":"<p>Se viene la nueva versi\u00f3n de \u201cUn viernes de locos\u201d y todos los que nos crecimos con la interpretaci\u00f3n\u00a0Lindsay Lohan\u00a0y\u00a0Jamie Lee Curtis\u00a0estamos muy expectantes. La trama es simple: una madre trabajadora y una adolescente rebelde que no se llevan muy bien un d\u00eda se despiertan una en el cuerpo de la otra. As\u00ed aprenden cada [&hellip;]<\/p>\n","protected":false},"author":1,"featured_media":59763,"comment_status":"closed","ping_status":"closed","sticky":false,"template":"","format":"standard","meta":{"_seopress_robots_primary_cat":"","_seopress_titles_title":"","_seopress_titles_desc":"","_seopress_robots_index":"","footnotes":""},"categories":[3],"tags":[21800,21798,32027],"class_list":{"0":"post-59762","1":"post","2":"type-post","3":"status-publish","4":"format-standard","5":"has-post-thumbnail","7":"category-cine-y-series","8":"tag-lindsay-lohan-y-jamie-lee-curtis","9":"tag-nueva-version-de-un-viernes-de-locos","10":"tag-trailer-de-un-viernes-de-locos-2"},"_links":{"self":[{"href":"https:\/\/www.cordobatimes.com\/showup\/wp-json\/wp\/v2\/posts\/59762","targetHints":{"allow":["GET"]}}],"collection":[{"href":"https:\/\/www.cordobatimes.com\/showup\/wp-json\/wp\/v2\/posts"}],"about":[{"href":"https:\/\/www.cordobatimes.com\/showup\/wp-json\/wp\/v2\/types\/post"}],"author":[{"embeddable":true,"href":"https:\/\/www.cordobatimes.com\/showup\/wp-json\/wp\/v2\/users\/1"}],"replies":[{"embeddable":true,"href":"https:\/\/www.cordobatimes.com\/showup\/wp-json\/wp\/v2\/comments?post=59762"}],"version-history":[{"count":0,"href":"https:\/\/www.cordobatimes.com\/showup\/wp-json\/wp\/v2\/posts\/59762\/revisions"}],"wp:featuredmedia":[{"embeddable":true,"href":"https:\/\/www.cordobatimes.com\/showup\/wp-json\/wp\/v2\/media\/59763"}],"wp:attachment":[{"href":"https:\/\/www.cordobatimes.com\/showup\/wp-json\/wp\/v2\/media?parent=59762"}],"wp:term":[{"taxonomy":"category","embeddable":true,"href":"https:\/\/www.cordobatimes.com\/showup\/wp-json\/wp\/v2\/categories?post=59762"},{"taxonomy":"post_tag","embeddable":true,"href":"https:\/\/www.cordobatimes.com\/showup\/wp-json\/wp\/v2\/tags?post=59762"}],"curies":[{"name":"wp","href":"https:\/\/api.w.org\/{rel}","templated":true}]}}